{"id":170,"date":"2005-06-12T12:42:40","date_gmt":"2005-06-12T11:42:40","guid":{"rendered":"http:\/\/www.albinz.de\/blog\/?p=170"},"modified":"2006-03-17T17:39:29","modified_gmt":"2006-03-17T16:39:29","slug":"900-jahre-tostedt-festumzug-am-samstag-den-11062005","status":"publish","type":"post","link":"https:\/\/willizblog.de\/?p=170","title":{"rendered":"900 Jahre Tostedt: Festumzug am Samstag, den 11.06.2005"},"content":{"rendered":"<p>Das Wetter war zwar nicht ideal, einfach zu kalt und auch einige Regentropfen fielen. Das hielt aber die T\u00f6ster B\u00fcrger nicht davon ab, am Festumzug teilzunehmen, ob nun aktiv im Umzug selbst oder am Rande als winkende Zuschauer. Vom Kindergarten bis zu den B\u00fcrgermeistern der Samt- und Einzelgemeinden, vom Sport- bis zum Sch\u00fctzenverein war alles unterwegs, um seine Pr\u00e4senz vor Ort zu bekunden.<\/p>\n<table cellspacing=\"0\" cellpadding=\"5\" width=\"80%\" border=\"0\">\n<tr>\n<td style=\"width: 33%\" align=\"center\"><img loading=\"lazy\" height=\"180\" alt=\"Napoleon in Tostedt? (Gymnasium)\" src=\"https:\/\/www.willizblog.de\/albpics\/tostedt_umzug01.jpg\" width=\"269\" border=\"0\" \/><\/td>\n<td style=\"width: 33%\" align=\"center\"><img loading=\"lazy\" height=\"180\" alt=\"Die T\u00f6ster B\u00fcrgermeister\" src=\"https:\/\/www.willizblog.de\/albpics\/tostedt_umzug02.jpg\" width=\"269\" border=\"0\" \/><\/td>\n<\/tr>\n<tr>\n<td style=\"width: 33%\" align=\"center\"><font face=\"Lucida Grande, Lucida Sans Unicode, Verdana, sans-serif\" size=\"2\">Napoleon in Tostedt? (Gymnasium)<\/font><\/td>\n<td style=\"width: 33%\" align=\"center\"><font face=\"Lucida Grande, Lucida Sans Unicode, Verdana, sans-serif\" size=\"2\">Die T\u00f6ster B\u00fcrgermeister<\/font><\/td>\n<\/tr>\n<tr>\n<td style=\"width: 33%\" align=\"center\"><img loading=\"lazy\" height=\"180\" alt=\"T\u00f6ster Sch\u00fctzen\" src=\"https:\/\/www.willizblog.de\/albpics\/tostedt_umzug03.jpg\" width=\"269\" border=\"0\" \/><\/td>\n<td style=\"width: 33%\" align=\"center\"><img loading=\"lazy\" height=\"180\" alt=\"Johannes-Gemeinde\" src=\"https:\/\/www.willizblog.de\/albpics\/tostedt_umzug04.jpg\" width=\"269\" border=\"0\" \/><\/td>\n<\/tr>\n<tr>\n<td style=\"width: 33%\" align=\"center\"><font face=\"Lucida Grande, Lucida Sans Unicode, Verdana, sans-serif\" size=\"2\">T\u00f6ster Sch\u00fctzen<\/font><\/td>\n<td style=\"width: 33%\" align=\"center\"><font face=\"Lucida Grande, Lucida Sans Unicode, Verdana, sans-serif\" size=\"2\">Johannes-Gemeinde<\/font><\/td>\n<\/tr>\n<tr>\n<td style=\"width: 33%\" align=\"center\"><img loading=\"lazy\" height=\"180\" alt=\"MTV Tostedt\" src=\"https:\/\/www.willizblog.de\/albpics\/tostedt_umzug05.jpg\" width=\"269\" border=\"0\" \/><\/td>\n<td style=\"width: 33%\" align=\"center\"><img loading=\"lazy\" height=\"180\" alt=\"Partnerstadt Lubacz\u00f3w\" src=\"https:\/\/www.willizblog.de\/albpics\/tostedt_umzug06.jpg\" width=\"269\" border=\"0\" \/><\/td>\n<\/tr>\n<tr>\n<td style=\"width: 33%\" align=\"center\"><font face=\"Lucida Grande, Lucida Sans Unicode, Verdana, sans-serif\" size=\"2\">MTV Tostedt<\/font><\/td>\n<td style=\"width: 33%\" align=\"center\"><font face=\"Lucida Grande, Lucida Sans Unicode, Verdana, sans-serif\" size=\"2\">Partnerstadt Lubacz\u00f3w<\/font><\/td>\n<\/tr>\n<tr>\n<td style=\"width: 33%\" align=\"center\"><img loading=\"lazy\" height=\"180\" alt=\"Partnerstadt Morla\u00e0s\" src=\"https:\/\/www.willizblog.de\/albpics\/tostedt_umzug07.jpg\" width=\"269\" border=\"0\" \/><\/td>\n<td style=\"width: 33%\" align=\"center\"><img loading=\"lazy\" height=\"180\" alt=\"Imkerverein &#038; Samba-Gruppe\" src=\"https:\/\/www.willizblog.de\/albpics\/tostedt_umzug08.jpg\" width=\"269\" border=\"0\" \/><\/td>\n<\/tr>\n<tr>\n<td style=\"width: 33%\" align=\"center\"><font face=\"Lucida Grande, Lucida Sans Unicode, Verdana, sans-serif\" size=\"2\">Partnerstadt Morla\u00e0s<\/font><\/td>\n<td style=\"width: 33%\" align=\"center\"><font face=\"Lucida Grande, Lucida Sans Unicode, Verdana, sans-serif\" size=\"2\">Imkerverein &#038; Samba-Gruppe<\/font><\/td>\n<\/tr>\n<tr>\n<td style=\"width: 33%\" align=\"center\"><img loading=\"lazy\" height=\"180\" alt=\"mit Sack und Pack unterwegs\" src=\"https:\/\/www.willizblog.de\/albpics\/tostedt_umzug09.jpg\" width=\"269\" border=\"0\" \/><\/td>\n<td style=\"width: 33%\" align=\"center\"><img loading=\"lazy\" height=\"180\" alt=\"Realschule\" src=\"https:\/\/www.willizblog.de\/albpics\/tostedt_umzug10.jpg\" width=\"269\" border=\"0\" \/><\/td>\n<\/tr>\n<tr>\n<td style=\"width: 33%\" align=\"center\"><font face=\"Lucida Grande, Lucida Sans Unicode, Verdana, sans-serif\" size=\"2\">mit Sack und Pack unterwegs<\/font><\/td>\n<td style=\"width: 33%\" align=\"center\"><font face=\"Lucida Grande, Lucida Sans Unicode, Verdana, sans-serif\" size=\"2\">Realschule<\/font><\/td>\n<\/tr>\n<tr>\n<td style=\"width: 33%\" align=\"center\"><img loading=\"lazy\" height=\"180\" alt=\"J\u00e4gersm\u00e4nner\" src=\"https:\/\/www.willizblog.de\/albpics\/tostedt_umzug11.jpg\" width=\"269\" border=\"0\" \/><\/td>\n<td style=\"width: 33%\" align=\"center\"><img loading=\"lazy\" height=\"180\" alt=\"asiatische Drachen\" src=\"https:\/\/www.willizblog.de\/albpics\/tostedt_umzug12.jpg\" width=\"269\" border=\"0\" \/><\/td>\n<\/tr>\n<tr>\n<td style=\"width: 33%\" align=\"center\"><font face=\"Lucida Grande, Lucida Sans Unicode, Verdana, sans-serif\" size=\"2\">J\u00e4gersm\u00e4nner<\/font><\/td>\n<td style=\"width: 33%\" align=\"center\"><font face=\"Lucida Grande, Lucida Sans Unicode, Verdana, sans-serif\" size=\"2\">asiatische Drachen<\/font><\/td>\n<\/tr>\n<tr>\n<td style=\"width: 33%\" align=\"center\"><img loading=\"lazy\" height=\"180\" alt=\"Sozialwerk Tostedt\" src=\"https:\/\/www.willizblog.de\/albpics\/tostedt_umzug13.jpg\" width=\"269\" border=\"0\" \/><\/td>\n<td style=\"width: 33%\" align=\"center\"><img loading=\"lazy\" height=\"180\" alt=\"Herbergsverein &#038; Diakonie\" src=\"https:\/\/www.willizblog.de\/albpics\/tostedt_umzug15.jpg\" width=\"269\" border=\"0\" \/><\/td>\n<\/tr>\n<tr>\n<td style=\"width: 33%\" align=\"center\"><font face=\"Lucida Grande, Lucida Sans Unicode, Verdana, sans-serif\" size=\"2\">Sozialwerk Tostedt<\/font><\/td>\n<td style=\"width: 33%\" align=\"center\"><font face=\"Lucida Grande, Lucida Sans Unicode, Verdana, sans-serif\" size=\"2\">Herbergsverein &#038; Diakonie<\/font><\/td>\n<\/tr>\n<tr>\n<td style=\"width: 33%\" align=\"center\" colspan=\"2\"><img loading=\"lazy\" height=\"180\" alt=\"L\u00f6schpumpe aus Todtgl\u00fcsingen\" src=\"https:\/\/www.willizblog.de\/albpics\/tostedt_umzug14.jpg\" width=\"269\" border=\"0\" \/><\/td>\n<\/tr>\n<tr>\n<td style=\"width: 33%\" align=\"center\" colspan=\"2\"><font face=\"Lucida Grande, Lucida Sans Unicode, Verdana, sans-serif\" size=\"2\">L\u00f6schpumpe aus Todtgl\u00fcsingen<\/font><\/td>\n<\/tr>\n<\/table>\n","protected":false},"excerpt":{"rendered":"<p>Das Wetter war zwar nicht ideal, einfach zu kalt und auch einige Regentropfen fielen. Das hielt aber die T\u00f6ster B\u00fcrger nicht davon ab, am Festumzug teilzunehmen, ob nun aktiv im Umzug selbst oder am Rande als winkende Zuschauer. Vom Kindergarten bis zu den B\u00fcrgermeistern der Samt- und Einzelgemeinden, vom Sport- bis zum Sch\u00fctzenverein war alles &hellip; <a href=\"https:\/\/willizblog.de\/?p=170\" class=\"more-link\"><span class=\"screen-reader-text\">900 Jahre Tostedt: Festumzug am Samstag, den 11.06.2005<\/span> weiterlesen <span class=\"meta-nav\">&rarr;<\/span><\/a><\/p>\n","protected":false},"author":1,"featured_media":0,"comment_status":"closed","ping_status":"closed","sticky":false,"template":"","format":"standard","meta":[],"categories":[11],"tags":[],"_links":{"self":[{"href":"https:\/\/willizblog.de\/index.php?rest_route=\/wp\/v2\/posts\/170"}],"collection":[{"href":"https:\/\/willizblog.de\/index.php?rest_route=\/wp\/v2\/posts"}],"about":[{"href":"https:\/\/willizblog.de\/index.php?rest_route=\/wp\/v2\/types\/post"}],"author":[{"embeddable":true,"href":"https:\/\/willizblog.de\/index.php?rest_route=\/wp\/v2\/users\/1"}],"replies":[{"embeddable":true,"href":"https:\/\/willizblog.de\/index.php?rest_route=%2Fwp%2Fv2%2Fcomments&post=170"}],"version-history":[{"count":0,"href":"https:\/\/willizblog.de\/index.php?rest_route=\/wp\/v2\/posts\/170\/revisions"}],"wp:attachment":[{"href":"https:\/\/willizblog.de\/index.php?rest_route=%2Fwp%2Fv2%2Fmedia&parent=170"}],"wp:term":[{"taxonomy":"category","embeddable":true,"href":"https:\/\/willizblog.de\/index.php?rest_route=%2Fwp%2Fv2%2Fcategories&post=170"},{"taxonomy":"post_tag","embeddable":true,"href":"https:\/\/willizblog.de\/index.php?rest_route=%2Fwp%2Fv2%2Ftags&post=170"}],"curies":[{"name":"wp","href":"https:\/\/api.w.org\/{rel}","templated":true}]}}