{"id":1711,"date":"2009-05-09T14:42:48","date_gmt":"2009-05-09T12:42:48","guid":{"rendered":"http:\/\/www.willizblog.de\/?p=1711"},"modified":"2011-04-07T06:58:02","modified_gmt":"2011-04-07T05:58:02","slug":"jugend-initiative-gegen-neo-nazi-laden-in-tostedt","status":"publish","type":"post","link":"https:\/\/willizblog.de\/?p=1711","title":{"rendered":"Jugend-Initiative gegen Neo-Nazi-Laden in Tostedt"},"content":{"rendered":"<p>Es ist eine geradezu unendliche Geschichte: Tostedt und die Neo-Nazis. Im Ortsteil Todtgl\u00fcsingen gibt es jetzt seit einiger Zeit einen Laden, der neben Klamotten aus der rechten Szene auch Musik auf CDs und DVDs aus dem rechten Umfeld verkauft. Der Laden ist zudem Treffpunkt von Neo-Nazis (nicht nur aus Tostedt, aber leider auch).<\/p>\n<p>Inhaber des Ladens ist der einschl\u00e4gig bekannte Stefan S.; u.a. verb\u00fc\u00dfte er eine mehrj\u00e4hrigen Haftstrafen wegen Todschlags:<\/p>\n<p><em>Am 18.03.92 pr\u00fcgelten zwei Neonazis den Buxtehuder Gustav Schneeclaus zu Tode. Stefan Silar, einer der beiden T\u00e4ter betreibt heute einen Laden f\u00fcr Nazi-Dreck in Tostedt.<\/em><br \/>\naus: <a href=\"http:\/\/de.indymedia.org\/2007\/03\/171258.shtml\" target=\"_blank\">de.indymedia.org<\/a><\/p>\n<p><em>Am 15.3.2007 bekam Stefan Silar, Inhaber des Tostedter Naziladens &#8222;Streetwear Tostedt&#8220; in Niedersachsen, Besuch von der Polizei. Ziel des \u00dcberraschungsbesuchs waren CDs der Naziband &#8222;Deutsch, Stolz, Treue&#8220; (&#8222;DST&#8220; bzw. mit der Tarnbezeichnung &#8222;XXX&#8220;) gegen die von der Berliner Staatsanwaltschaft wegen Volksverhetzung ermittelt wird.<\/em><br \/>\naus: <a href=\"http:\/\/de.indymedia.org\/2007\/03\/171014.shtml\" target=\"_blank\">de.indymedia.org<\/a><\/p>\n<p>Jetzt \u00fcbergab eine Jugend-Initiative der Jugendausschuss-Vorsitzenden des Samtgemeinderates Tostedt einen offenen Brief mit der Forderung, \u201e\u00f6ffentlich Stellung gegen den Naziladen und die verst\u00e4rkten rechtsextremen Strukturen  in Tostedt\u201c zu beziehen. Unterst\u00fctzt werden die Jugendlichen u.a. durch den Ehrenb\u00fcrger und Alt-B\u00fcrgermeister Tostedts, G\u00fcnter Wei\u00df.<\/p>\n<p><img src=\"https:\/\/www.willizblog.de\/blogpicts\/nazi_laden_weg_aus_tostedt.jpg\" alt=\"Jugend-Initiative gegen Nazi-Laden\" \/><br \/>\naus: Kreiszeitung Nordheide-Elbe &#038; Geest vom 09.05.2009<\/p>\n<p>Ich finde es sehr wichtig, dass Jugendliche selbst das Heft in die Hand nehmen, um auf rechtsextreme Tendenzen in unserer Gesellschaft aufmerksam zu machen, und gleichzeitig aufzeigen, dass sie gewillt sind, gegen Neo-Nazis vorzugehen.<\/p>\n<p>Die Politik in Tostedt hat sich dagegen eher ein Armutszeugnis ausgestellt. Den Laden gibt es bereits mehrere Jahre. Und es kam immer wieder zu Zwischenf\u00e4llen, die aber unsere Politiker nicht wahrgenommen haben oder nicht wahrnehmen wollten. Es bedurfte einer Initiative von Jugendlichen, um auf das Problem aufmerksam zu machen. Durch die Medien ist auch Hannover aufmerksam geworden und hat den B\u00fcrgermeister der Samtgemeinde Tostedt zum &#8222;Rapport&#8220; bestellt. Dieser nun bestellte umgehend f\u00fcr Montag, den 11.05.2009, eine Pressekonferenz ein. Gut geschlafen, <a href=\"http:\/\/www.tostedt.de\/internet\/page.php?site=29&#038;id=12000079\" target=\"_blank\">Herr Bostelmann<\/a>?<\/p>\n<p>siehe auch im Hamburger Abendblatt: <a href=\"http:\/\/www.abendblatt.de\/region\/harburg\/article1001429\/Tostedt-Jugendliche-gegen-Rechts.html\" target=\"_blank\">Tostedt: Jugendliche gegen Rechts<\/a><\/p>\n","protected":false},"excerpt":{"rendered":"<p>Es ist eine geradezu unendliche Geschichte: Tostedt und die Neo-Nazis. Im Ortsteil Todtgl\u00fcsingen gibt es jetzt seit einiger Zeit einen Laden, der neben Klamotten aus der rechten Szene auch Musik auf CDs und DVDs aus dem rechten Umfeld verkauft. Der Laden ist zudem Treffpunkt von Neo-Nazis (nicht nur aus Tostedt, aber leider auch). Inhaber des &hellip; <a href=\"https:\/\/willizblog.de\/?p=1711\" class=\"more-link\"><span class=\"screen-reader-text\">Jugend-Initiative gegen Neo-Nazi-Laden in Tostedt<\/span> weiterlesen <span class=\"meta-nav\">&rarr;<\/span><\/a><\/p>\n","protected":false},"author":1,"featured_media":0,"comment_status":"open","ping_status":"closed","sticky":false,"template":"","format":"standard","meta":[],"categories":[11,2],"tags":[],"_links":{"self":[{"href":"https:\/\/willizblog.de\/index.php?rest_route=\/wp\/v2\/posts\/1711"}],"collection":[{"href":"https:\/\/willizblog.de\/index.php?rest_route=\/wp\/v2\/posts"}],"about":[{"href":"https:\/\/willizblog.de\/index.php?rest_route=\/wp\/v2\/types\/post"}],"author":[{"embeddable":true,"href":"https:\/\/willizblog.de\/index.php?rest_route=\/wp\/v2\/users\/1"}],"replies":[{"embeddable":true,"href":"https:\/\/willizblog.de\/index.php?rest_route=%2Fwp%2Fv2%2Fcomments&post=1711"}],"version-history":[{"count":0,"href":"https:\/\/willizblog.de\/index.php?rest_route=\/wp\/v2\/posts\/1711\/revisions"}],"wp:attachment":[{"href":"https:\/\/willizblog.de\/index.php?rest_route=%2Fwp%2Fv2%2Fmedia&parent=1711"}],"wp:term":[{"taxonomy":"category","embeddable":true,"href":"https:\/\/willizblog.de\/index.php?rest_route=%2Fwp%2Fv2%2Fcategories&post=1711"},{"taxonomy":"post_tag","embeddable":true,"href":"https:\/\/willizblog.de\/index.php?rest_route=%2Fwp%2Fv2%2Ftags&post=1711"}],"curies":[{"name":"wp","href":"https:\/\/api.w.org\/{rel}","templated":true}]}}