{"id":1718,"date":"2009-05-10T16:27:13","date_gmt":"2009-05-10T14:27:13","guid":{"rendered":"http:\/\/www.willizblog.de\/?p=1718"},"modified":"2011-02-28T11:00:58","modified_gmt":"2011-02-28T10:00:58","slug":"10-jahre-schaaf-spate-geschenke-und-eine-papierkugel","status":"publish","type":"post","link":"https:\/\/willizblog.de\/?p=1718","title":{"rendered":"10 Jahre Schaaf, sp\u00e4te Geschenke und eine Papierkugel"},"content":{"rendered":"<p>Heute ist nicht nur Muttertag oder Willis und Christas 19. Hochzeitstag: Heute<br \/>\nvor zehn Jahren \u00fcbernahm <a href=\"https:\/\/de.wikipedia.org\/wiki\/Thomas_Schaaf\" target=\"_blank\">Thomas Schaaf<\/a>, bis dahin Trainer der 2. Mannschaft, die Geschicke als Chefcouch von Felix Magath beim SV Werder Bremen. Was nach einer \u00dcbergangsl\u00f6sung aussah, ist zu einer Erfolgsgeschichte geworden. Werder gewann nicht nur vor 10 Jahren noch auf die Schnelle den DFB-Pokal gegen die Bayern. 5 Jahre sp\u00e4ter holte Werder unter Schaaf Meisterschaft und Pokal, also das Double. Und weitere f\u00fcnf Jahre (nach f\u00fcnfmaliger Teilnahme an der Champions League) steht die Mannschaft in den Endspielen von UEFA-Cup und (nochmals) DFB-Pokal.<\/p>\n<p>Thomas Schaaf, das ist Werder. Denn immerhin seit 37 Jahren ist der 48-J\u00e4hrige Mitglied des SV Werder, dabei war er lange Zeit auch Spieler in der ersten Mannschaft: Thomas <a href=\"http:\/\/sport.ard.de\/sp\/fussball\/news200905\/07\/vbg_10jahre_schaaf_090507.jsp\" target=\"_blank\">Schaaf &#8211; lebenslang gr\u00fcn-wei\u00df<\/a><\/p>\n<p>Thomas Schaaf ist etwas verschrien als knurrig, wortkarg und verschlossen, der den Interviews gern aus dem Wege geht. Wenn man ihn aber vors Mikrophon bekommt, dann zeigt sich sein ganz besonderer Humor: <a href=\"http:\/\/www.11freunde.de\/bundesligen\/119737?page=1\" target=\"_blank\">Schaafs Spr\u00fcche &#8230;<\/a><\/p>\n<p><img src=\"https:\/\/www.willizblog.de\/blogpicts\/schaaf_reporter.jpg\" alt=\"Schaaf und die Reporter\" \/><\/p>\n<p>Besonders erw\u00e4hnenswert finde ich Schaafs Engagement f\u00fcrs <a href=\"http:\/\/www.trauernde-kinder.de\/?id=1144344194\" target=\"_blank\">Zentrum f\u00fcr trauernde Kinder e.V.<\/a> in Bremen. <\/p>\n<p>Nun seine Spieler hatten zu Schaafs 48. Geburtstag, dem Tag des Hinspiels im UEFA-Cup-Halbfinale gegen den HSV am 30. April, versprochen zu gewinnen. Leider verlor Werder das Spiel zu Hause. Aber im R\u00fcckspiel eine Woche sp\u00e4ter in Hamburg <a href=\"http:\/\/fussball.zdf.de\/ZDFsport\/inhalt\/10\/0,5676,7586154,00.html\" target=\"_blank\">beendete die Mannschaft Hamburgs letzten Titeltraum<\/a> durch einen 3:2-Sieg und setzte sich damit auch im Halbfinale des UEFA-Cups durch. Ein versp\u00e4tetes Geburtstagsgeschenk also. Am 20. Mai spielt der SV Werder nun im Endspiel gegen <a href=\"https:\/\/de.wikipedia.org\/wiki\/Schachtar_Donezk\" target=\"_blank\">Schachtar Donezk<\/a>. Das Finale wird im S\u00fckr\u00fc-Saracoglu-Stadion, Heimst\u00e4tte des 17-maligen t\u00fcrkischen Meisters Fenerbahce Istanbul, ausgetragen. <\/p>\n<p>Der Sieg kam dabei etwas kurios zustande: Eine <a href=\"http:\/\/www.zdf.de\/ZDFmediathek\/content\/750750?inPopup=true\" target=\"_blank\">kleine Papierkugel<\/a> entschied einen gro\u00dfen Pokalfight &#8211; h\u00e4tte sie nicht im Weg gelegen, h\u00e4tte es keine Ecke gegeben und Bremens Baumann h\u00e4tte vermutlich nicht das 1:3 erzielt &#8230;<\/p>\n<p>siehe auch: <a href=\"http:\/\/fussball.zdf.de\/ZDFsport\/inhalt\/7\/0,5676,7586215,00.html\" target=\"_blank\">&#8222;Dem Leder einen Schubs gegeben&#8220; &#8211; Exklusiv: Werders Gl\u00fccks-Papierkugel im Interview<\/a><\/p>\n<p>Gerade zu Schaafs 10-j\u00e4hrigem Arbeitsjubil\u00e4um berichten Medien, dass der VfL Wolfsburg Interesse an Schaaf als Trainer zeigt. Sicherlich ist nicht auszuschlie\u00dfen, dass er in Zukunft den Arbeitsplatz wechseln k\u00f6nnte Ich denke aber, dass er <a href=\"http:\/\/www.werder.de\/aktuelles\/news\/meldung.php\/15667\/Allofs-ohne-Sorge-Auch-naechstes-Jahr-mit-Thomas-Schaaf\" target=\"_blank\">auch in der kommenden Saison Trainer des SV Werder Bremen bleiben wird<\/a>. An seiner Seite steht \u00fcbrigens <a href=\"http:\/\/fussball.zdf.de\/ZDFsport\/inhalt\/13\/0,5676,7560301,00.html\" target=\"_blank\">Wolfgang Rolfs<\/a> (gemeinhin auch Schaafs Wolle genannt) als Co-Trainer, geboren zwischen Hamburg und Bremen, der als Idealbild eines Co-Trainers gilt.<\/p>\n<p>Bilderserie bei zdf.de: <a href=\"http:\/\/www.zdf.de\/ZDFmediathek\/content\/750190?inPopup=true\" target=\"_blank\">Werders Dauerbrenner<\/a><\/p>\n<p><strong>\u00dcbrigens:<\/strong> Im Anschluss an das UEFA-Cup-Spiel zwischen dem Hamburger SV und Werder Bremen (2:3) haben frustrierte HSV-Anh\u00e4nger Busse mit Werder-Fans angegriffen. Dabei erlitten zwei Bremer Schnittverletzungen, die ambulant behandelt wurden. Sieben Personen wurden vorl\u00e4ufig festgenommen. Die Busse mit den Werder Fans wurden bei der Abfahrt mit Eisenstangen und Steinen attackiert. Wegen der bef\u00fcrchteten \u00dcbergriffe zwischen den verfeindeten Fanlagern wurden die Bremer konsequent von der Polizei begleitet und durften nach Spielende das Stadion erst nach den restlichen Zuschauern verlassen.<\/p>\n<p><strong>zuletzt: <\/strong>Thomas Schaaf &#8211; <a href=\"https:\/\/www.youtube.com\/view_play_list?p=8EC661AC6F4DDA6A\" target=\"_blank\">10 Jahre Trainer bei Werder Bremen<\/a><\/p>\n","protected":false},"excerpt":{"rendered":"<p>Heute ist nicht nur Muttertag oder Willis und Christas 19. Hochzeitstag: Heute vor zehn Jahren \u00fcbernahm Thomas Schaaf, bis dahin Trainer der 2. Mannschaft, die Geschicke als Chefcouch von Felix Magath beim SV Werder Bremen. Was nach einer \u00dcbergangsl\u00f6sung aussah, ist zu einer Erfolgsgeschichte geworden. Werder gewann nicht nur vor 10 Jahren noch auf die &hellip; <a href=\"https:\/\/willizblog.de\/?p=1718\" class=\"more-link\"><span class=\"screen-reader-text\">10 Jahre Schaaf, sp\u00e4te Geschenke und eine Papierkugel<\/span> weiterlesen <span class=\"meta-nav\">&rarr;<\/span><\/a><\/p>\n","protected":false},"author":1,"featured_media":0,"comment_status":"open","ping_status":"closed","sticky":false,"template":"","format":"standard","meta":[],"categories":[27],"tags":[],"_links":{"self":[{"href":"https:\/\/willizblog.de\/index.php?rest_route=\/wp\/v2\/posts\/1718"}],"collection":[{"href":"https:\/\/willizblog.de\/index.php?rest_route=\/wp\/v2\/posts"}],"about":[{"href":"https:\/\/willizblog.de\/index.php?rest_route=\/wp\/v2\/types\/post"}],"author":[{"embeddable":true,"href":"https:\/\/willizblog.de\/index.php?rest_route=\/wp\/v2\/users\/1"}],"replies":[{"embeddable":true,"href":"https:\/\/willizblog.de\/index.php?rest_route=%2Fwp%2Fv2%2Fcomments&post=1718"}],"version-history":[{"count":0,"href":"https:\/\/willizblog.de\/index.php?rest_route=\/wp\/v2\/posts\/1718\/revisions"}],"wp:attachment":[{"href":"https:\/\/willizblog.de\/index.php?rest_route=%2Fwp%2Fv2%2Fmedia&parent=1718"}],"wp:term":[{"taxonomy":"category","embeddable":true,"href":"https:\/\/willizblog.de\/index.php?rest_route=%2Fwp%2Fv2%2Fcategories&post=1718"},{"taxonomy":"post_tag","embeddable":true,"href":"https:\/\/willizblog.de\/index.php?rest_route=%2Fwp%2Fv2%2Ftags&post=1718"}],"curies":[{"name":"wp","href":"https:\/\/api.w.org\/{rel}","templated":true}]}}