{"id":173,"date":"2005-06-19T15:24:52","date_gmt":"2005-06-19T14:24:52","guid":{"rendered":"http:\/\/www.albinz.de\/blog\/?p=173"},"modified":"2005-10-20T09:32:39","modified_gmt":"2005-10-20T07:32:39","slug":"tostedter-frauenbeauftragte-bald-arbeitslos","status":"publish","type":"post","link":"https:\/\/willizblog.de\/?p=173","title":{"rendered":"Tostedter Frauenbeauftragte bald arbeitslos?"},"content":{"rendered":"<p>&#8222;Das pa\u00dft ja richtig gut in die Tostedter 900-Jahr-Feier&#8220;, schreibt Alexander Gr\u00f6ngr\u00f6ft aus Tostedt in seinem Leserbrief in der <a href=\"http:\/\/www.han-online.de\/\" target=\"_blank\">Harburger Anzeiger und Nachrichten<\/a>. &#8222;Da gibt sich die Gemeinde integrativ, weltoffen und  familienfreundlich und diejenige, die mit ihrer Arbeit diese Familienfreundlichkeit umsetzen und die sozialen Probleme entsch\u00e4rfen will, soll nach dem Willen der CDU-FDP-Gruppe entlassen und durch eine ehrenamtlich t\u00e4tige Person ersetzt werden. Gr\u00fcnde werden keine genannt. &#8230; Gr\u00fcnde werden auch deshalb nicht genannt, weil es offenbar keine gibt:<\/p>\n<p>1. Die sehr engagierte Arbeit der Frauenbeauftragten war kompetent, effektiv und ausgezeichnet. Ihr  Engagement war wirkungsvoll, die Arbeit entsprach der Funktion der Stelle und war nicht nur auf Probleme von Frauen begrenzt.<br \/>\n2. Die Kosten k\u00f6nnen nicht entscheidend sein. In einer Gemeinde, in der im Verwaltungshaushalt 13 Millionen Euro pro Jahr ausgegeben werden &#8230; spielen die Ausgaben f\u00fcr die hauptamtliche Gleichstellungsbeauftragte (35000 Euro) nur eine untergeordnete Rolle. Wenn man ber\u00fccksichtigt, wieviele Folgekosten durch das Engagement der Beauftragten vermieden werden k\u00f6nnen, ist jeder f\u00fcr diese Arbeit ausgegebene Euro sogar mehrere Euro wert. [usw.]&#8220;<\/p>\n<p>Herr Hans-J\u00fcrgen K\u00fcsel aus Tostedt erg\u00e4nzt hierzu: &#8222;Eigentlich mu\u00df man der Tostedter CDU ja dankbar sein, denn sie hat mit der geplanten Entlassung Kerstin Peterssons einen unsch\u00e4tzbaren Beitrag zur Aufkl\u00e4rung hinsichtlich des bevorstehenden Bundestagswahlkampfes geleistet. Denn wir d\u00fcrfen getrost davon ausgehen, da\u00df die Positionen der Tostedter CDU repr\u00e4sentativ f\u00fcr die gesamte Partei sind. &#8230; Wenn sich nun die CDU im Wahlkampf als &#8222;familienfreundlich&#8220; darzustellen versucht, dann wissen alle Wahlb\u00fcrger: Hier wird gelogen, da\u00df sich die Balken biegen. [usw.]&#8220;<\/p>\n","protected":false},"excerpt":{"rendered":"<p>&#8222;Das pa\u00dft ja richtig gut in die Tostedter 900-Jahr-Feier&#8220;, schreibt Alexander Gr\u00f6ngr\u00f6ft aus Tostedt in seinem Leserbrief in der Harburger Anzeiger und Nachrichten. &#8222;Da gibt sich die Gemeinde integrativ, weltoffen und familienfreundlich und diejenige, die mit ihrer Arbeit diese Familienfreundlichkeit umsetzen und die sozialen Probleme entsch\u00e4rfen will, soll nach dem Willen der CDU-FDP-Gruppe entlassen und &hellip; <a href=\"https:\/\/willizblog.de\/?p=173\" class=\"more-link\"><span class=\"screen-reader-text\">Tostedter Frauenbeauftragte bald arbeitslos?<\/span> weiterlesen <span class=\"meta-nav\">&rarr;<\/span><\/a><\/p>\n","protected":false},"author":1,"featured_media":0,"comment_status":"closed","ping_status":"closed","sticky":false,"template":"","format":"standard","meta":[],"categories":[12,11],"tags":[],"_links":{"self":[{"href":"https:\/\/willizblog.de\/index.php?rest_route=\/wp\/v2\/posts\/173"}],"collection":[{"href":"https:\/\/willizblog.de\/index.php?rest_route=\/wp\/v2\/posts"}],"about":[{"href":"https:\/\/willizblog.de\/index.php?rest_route=\/wp\/v2\/types\/post"}],"author":[{"embeddable":true,"href":"https:\/\/willizblog.de\/index.php?rest_route=\/wp\/v2\/users\/1"}],"replies":[{"embeddable":true,"href":"https:\/\/willizblog.de\/index.php?rest_route=%2Fwp%2Fv2%2Fcomments&post=173"}],"version-history":[{"count":0,"href":"https:\/\/willizblog.de\/index.php?rest_route=\/wp\/v2\/posts\/173\/revisions"}],"wp:attachment":[{"href":"https:\/\/willizblog.de\/index.php?rest_route=%2Fwp%2Fv2%2Fmedia&parent=173"}],"wp:term":[{"taxonomy":"category","embeddable":true,"href":"https:\/\/willizblog.de\/index.php?rest_route=%2Fwp%2Fv2%2Fcategories&post=173"},{"taxonomy":"post_tag","embeddable":true,"href":"https:\/\/willizblog.de\/index.php?rest_route=%2Fwp%2Fv2%2Ftags&post=173"}],"curies":[{"name":"wp","href":"https:\/\/api.w.org\/{rel}","templated":true}]}}