{"id":1731,"date":"2009-05-14T14:00:17","date_gmt":"2009-05-14T12:00:17","guid":{"rendered":"http:\/\/www.willizblog.de\/?p=1731"},"modified":"2011-04-07T07:00:02","modified_gmt":"2011-04-07T06:00:02","slug":"auf-dem-rechten-auge-stark-kurzsichtig","status":"publish","type":"post","link":"https:\/\/willizblog.de\/?p=1731","title":{"rendered":"Auf dem rechten Auge stark kurzsichtig"},"content":{"rendered":"<p>Die Zunahme rechtsgerichtete Ansichten bei den Jugendlichen in Deutschland ist leider eine nicht zu leugnende Tatsache. Fremdenfeindlichkeit breitet ich immer mehr aus bei den 14- bis 18-J\u00e4hrigen. Das Problem ist also nicht auf einen kleinen Ort wie Tostedt begrenzt. Hier wird aber das Thema durch die Pr\u00e4senz eines Neonazi-Szeneladens versch\u00e4rft. Dessen Inhaber ist eine ber\u00fcchtigte Gr\u00f6\u00dfe in rechten Kreisen. Au\u00dferdem stand Tostedt bereits in fr\u00fcheren Jahren, besonders in den 90er Jahren (u.a. sind selbst auf der <a href=\"http:\/\/news.bbc.co.uk\/2\/hi\/europe\/867815.stm\" target=\"_blank\">Website der BBC<\/a> heute noch Informationen aufrufbar), immer wieder durch rechtsextreme Aufm\u00e4rsche usw. im Brennpunkt der \u00d6ffentlichkeit. Tostedts Ruf ist bis heute <a href=\"http:\/\/www.google.de\/search?hl=de&#038;q=tostedt+nazis&#038;meta=\" target=\"_blank\">in diesem Punkt<\/a> nicht der beste.<\/p>\n<p>Daher sollte die Politik besonders sensibel reagieren, wenn Jugendliche sich in einem <a href=\"https:\/\/www.willizblog.de\/?p=1711\" target=\"_blank\">Offenen Brief<\/a> an diese wendet, um auf den erstarkenden Rechtsextremismus in Tostedt hinzuweisen, den die Jugendlichen vor Ort an den Schulen beobachtet haben.<\/p>\n<p>So trafen sich am Montagmorgen gegen 11 Uhr in einem <a href=\"http:\/\/www.han-online.de\/HANArticlePool\/0000012130df375a0057006a000a005202650ce6\" target=\"_blank\">\u00f6ffentlichen Gespr\u00e4ch<\/a> die Vertreter der Jugend-Initiative mit dem B\u00fcrgermeister der Samtgemeinde Tostedt, Dirk Bostelmann. Das Ergebnis dieses Gespr\u00e4chs war f\u00fcr die Jugendlichen ern\u00fcchternd.<\/p>\n<p>Herr Bostelmann sieht zun\u00e4chst das Ansehen Tostedts gef\u00e4hrdet und verweist dabei auf die Tatsache, dass viele Rechte aus ganz Norddeutschland nach Tostedt k\u00e4men, aber auch die Linken anreisten, um Krawall zu machen;  u.a. warnte er die Jugendlichen davor, das Recht in die eigene Hand zu nehmen.<\/p>\n<p>In seinem offensichtlichen Bem\u00fchen das Problem herunterzuspielen, bekam der Samtgemeindeb\u00fcrgermeister Unterst\u00fctzung vom Polizeichef des Landkreises Harburg, Uwe Lehne, indem dieser erkl\u00e4rte, Tostedt h\u00e4tte im Moment kein wirkliches Problem mit den Rechten, die Situation sei nicht besorgniserregend.<\/p>\n<p>Sp\u00e4testens am Montagabend mussten sich B\u00fcrgermeister und Polizeichef eines Besseren belehren lassen:<\/p>\n<p>Zehn vermummte Personen warfen am Montag gegen 21 Uhr 45 Steine auf Fensterscheiben eines Hauses in Wistedt, in dem einer der Initiatoren des Offenen Briefes wohnt und skandierten rechte Parolen. Es wurde dabei wenigstens niemand verletzt.<\/p>\n<p>Timo V., der Betroffene, sieht in dieser Attacke eine Chance: \u201eJetzt kann die Problematik nicht mehr heruntergeredet werden.\u201c Und: \u201eJetzt haben wir etwas gegen die Rechten in der Hand.\u201c Der Sch\u00fcler erstattete Anzeige.<\/p>\n<p>Siehe hierzu die Beitr\u00e4ge im <a href=\"http:\/\/www.abendblatt.de\/region\/norddeutschland\/article1014021\/Anschlag-Schueler-erstattet-Anzeige.html\" target=\"_blank\">Hamburger Abendblatt<\/a> und in der <a href=\"http:\/\/www.han-online.de\/HANArticlePool\/0000012136011d0e0057006a000a00521f846aff\" target=\"_blank\">HAN<\/a><\/p>\n<p>Gestern am Abend gab es nun aufgrund der Attacke eine <a href=\"http:\/\/www.presseportal.de\/polizeipresse\/pm\/59458\/1404756\/polizeiinspektion_harburg\" target=\"_blank\">spontane Demonstration<\/a> von Anh\u00e4ngern der linken Szene (<a href=\"https:\/\/de.wikipedia.org\/wiki\/Antifa\" target=\"_blank\">Antifa<\/a>) in Tostedt, die friedlich verlief und nach gut einer Stunde beendet war.<\/p>\n<p>Eigentlich sollten unsere Politiker froh sein, junge engagierte Mitb\u00fcrger zu haben. Zu viel Engagement scheint mir dann aber bei einigen nicht so sehr willkommen zu sein. Wenn Herr Bostelmann die Jugendlichen davor warnt, das Recht in die eigene Hand zu nehmen, so klingt das f\u00fcr mich so, als wolle er die Jugendlichen in die linke Ecke dr\u00e4ngen (in Anspielung auf die Antifa, die \u201edas Heft in die eigene Hand\u2019 nimmt). Aber genau das wollen die Jugendlichen nicht, darum suchen sie das Gespr\u00e4ch mit Vertretern der \u00f6ffentlichen Hand. Diese zeigt sich aber auf dem rechten Auge stark kurzsichtig.<\/p>\n<p>Sicherlich gibt es in der letzten Zeit zun\u00e4chst kein offensichtliches Problem mit den Rechten in Tostedt, keine Aufm\u00e4rsche und keine bekannt gewordenen Gewalttaten (von der Attacke jetzt einmal abgesehen). Die W\u00e4hlerstimmen f\u00fcr rechtsextremistische Parteien sind nicht h\u00f6her als in anderen Gemeinden und St\u00e4dte, eher niedriger. Die Rekrutierung junger Menschen geschieht im Verborgenen, der Zulauf von Mitl\u00e4ufern nimmt von der \u00d6ffentlichkeit unbeobachtet stetig zu. Ausgangspunkt ist dabei der Neonazi-Laden in Tostedt.<\/p>\n<p>Dagegen ist etwas zu tun. Wenn der Polizeichef warnt, nicht einseitig zu polarisieren, die Rechten nicht auszugrenzen und ihnen gegen\u00fcber gespr\u00e4chsbereit zu bleiben, dann kann das nur f\u00fcr die Mitl\u00e4ufer gelten. Der harte Kern wird unbelehrbar bleiben. Oder m\u00f6chte Herr Lehne, der Polizeichef, es einmal mit Herrn Silar versuchen? Es w\u00e4re hoffnungslos.<\/p>\n<p>In Tostedt hat sich Widerstand gegen rechts etabliert, der sich zu den demokratischen Grundlagen bekennt: Das <a href=\"http:\/\/www.tostedt-gegen-rechts.de\/\" target=\"_blank\">Forum f\u00fcr Zivilcourage<\/a> mit ihrer <a href=\"http:\/\/www.tostedt-gegen-rechts.de\/index_unterschriften.html\" target=\"_blank\">Tostedter Erkl\u00e4rung<\/a>. Die drei Initiatoren des Offenen Briefes, die sich u.a. auch ehrenamtlich in der Kirchenjugend bet\u00e4tigen, arbeiten dort mit.<\/p>\n<p><img src=\"https:\/\/www.albinz.net\/tostedt\/images\/zivil.gif\" alt=\"Forum f\u00fcr Zivilcourage\" \/><\/p>\n<p>Erste kleinere Ma\u00dfnahmen sind bereits geplant. Was fehlt ist die Unterst\u00fctzung der Politik. Herr Bostelmann, wachen Sie auf! In der n\u00e4chsten Sitzung des Samtgemeinderates wird das Nazi-Problem auf der Tagesordnung stehen \u2013 dank der Gr\u00fcnen, die einen entsprechenden Antrag eingebracht haben.<\/p>\n<p>Siehe auch den Beitrag von Radio Bremen: <a href=\"http:\/\/www.radiobremen.de\/nordwestradio\/sendungen\/nordwestradio_journal\/tostedt100.html\" target=\"_blank\">Jugendprotest gegen Nazis in Tostedt<\/a><\/p>\n<p>Nachtrag: Unter HAN online erschien vor kurzem folgender Beitrag: <a href=\"http:\/\/www.han-online.de\/HANArticlePool\/000001213b5fdce30057006a000a00522f540163\" target=\"_blank\">Tostedt: Emp\u00f6rung \u00fcber Eskalation<\/a><\/p>\n","protected":false},"excerpt":{"rendered":"<p>Die Zunahme rechtsgerichtete Ansichten bei den Jugendlichen in Deutschland ist leider eine nicht zu leugnende Tatsache. Fremdenfeindlichkeit breitet ich immer mehr aus bei den 14- bis 18-J\u00e4hrigen. Das Problem ist also nicht auf einen kleinen Ort wie Tostedt begrenzt. Hier wird aber das Thema durch die Pr\u00e4senz eines Neonazi-Szeneladens versch\u00e4rft. Dessen Inhaber ist eine ber\u00fcchtigte &hellip; <a href=\"https:\/\/willizblog.de\/?p=1731\" class=\"more-link\"><span class=\"screen-reader-text\">Auf dem rechten Auge stark kurzsichtig<\/span> weiterlesen <span class=\"meta-nav\">&rarr;<\/span><\/a><\/p>\n","protected":false},"author":1,"featured_media":0,"comment_status":"open","ping_status":"closed","sticky":false,"template":"","format":"standard","meta":[],"categories":[11,2],"tags":[],"_links":{"self":[{"href":"https:\/\/willizblog.de\/index.php?rest_route=\/wp\/v2\/posts\/1731"}],"collection":[{"href":"https:\/\/willizblog.de\/index.php?rest_route=\/wp\/v2\/posts"}],"about":[{"href":"https:\/\/willizblog.de\/index.php?rest_route=\/wp\/v2\/types\/post"}],"author":[{"embeddable":true,"href":"https:\/\/willizblog.de\/index.php?rest_route=\/wp\/v2\/users\/1"}],"replies":[{"embeddable":true,"href":"https:\/\/willizblog.de\/index.php?rest_route=%2Fwp%2Fv2%2Fcomments&post=1731"}],"version-history":[{"count":0,"href":"https:\/\/willizblog.de\/index.php?rest_route=\/wp\/v2\/posts\/1731\/revisions"}],"wp:attachment":[{"href":"https:\/\/willizblog.de\/index.php?rest_route=%2Fwp%2Fv2%2Fmedia&parent=1731"}],"wp:term":[{"taxonomy":"category","embeddable":true,"href":"https:\/\/willizblog.de\/index.php?rest_route=%2Fwp%2Fv2%2Fcategories&post=1731"},{"taxonomy":"post_tag","embeddable":true,"href":"https:\/\/willizblog.de\/index.php?rest_route=%2Fwp%2Fv2%2Ftags&post=1731"}],"curies":[{"name":"wp","href":"https:\/\/api.w.org\/{rel}","templated":true}]}}