{"id":1749,"date":"2009-05-18T10:07:22","date_gmt":"2009-05-18T08:07:22","guid":{"rendered":"http:\/\/www.willizblog.de\/?p=1749"},"modified":"2009-05-26T09:19:05","modified_gmt":"2009-05-26T07:19:05","slug":"die-kirche-zeigt-flagge-gegen-rechts","status":"publish","type":"post","link":"https:\/\/willizblog.de\/?p=1749","title":{"rendered":"Die Kirche zeigt Flagge gegen Rechts"},"content":{"rendered":"<p>Sowohl die katholische als auch die evangelische Kirche zeigen Flagge gegen rechtsextremistische Umtriebe und unterst\u00fctzen die <a href=\"https:\/\/www.willizblog.de\/?p=1731\" target=\"_blank\">Jugend-Initiative in Tostedt<\/a>, die sich in einem <a href=\"https:\/\/www.willizblog.de\/?p=1711\" target=\"_blank\">Offenen Brief<\/a> an die Politik gewandt hatte.<\/p>\n<p><em>\u201eDie Samtgemeinde Tostedt muss jetzt hart durchgreifen\u201c, fordert der stellvertretende Pastoralrats-Vorsitzende der katholischen Herz-Jesu-Gemeinde, Matthias Kurrig, auf Anfrage. Alle gesetzlichen M\u00f6glichkeiten m\u00fcssten ausgesch\u00f6pft werden<\/em> (siehe: <a href=\"http:\/\/www.domradio.de\/aktuell\/artikel_53288.html\" target=\"_blank\">Gemeinsam gegen braunen Sumpf<\/a>).<\/p>\n<p><em>Und auch der Kirchenkreis Hittfeld der evangelischen Kirche bezieht eine eindeutige Position angesichts der j\u00fcngsten Eskalation in Tostedt. Die Pastorenschaft, die Diakone, der Kreisjugenddienst wie alle Mitarbeitenden des Diakonischen Werkes stellen sich einm\u00fctig hinter die Forderung der Tostedter Jugendlichen, die ein entschlossenes gesellschaftliches Handeln gegen rechte Umtriebe einfordern <\/em>(siehe: <a href=\"http:\/\/www.kirchenkreis-hittfeld.de\/nc\/kirchenkreis-hittfeld\/news\/article\/kirchenkreis-hittfeld-zeigt-flagge-gegen-rechts.html?tx_ttnews%5BbackPid%5D=1\" target=\"_blank\">Kirchenkreis Hittfeld zeigt Flagge gegen Rechts<\/a>); u.a. hei\u00dft es dort:<\/p>\n<p><em>Der Kirchenkreis warnt vor jeder Form der Verharmlosung und Verdr\u00e4ngung. So sei es bei aller demokratischen Freiheit auch nicht hinzunehmen, dass der Eindruck entstehen k\u00f6nnte, die rechte Szene sei ein zu akzeptierender Teil der Gesellschaft, betonte J\u00e4ger. Von den \u00f6ffentlich Verantwortlichen m\u00fcssten unmissverst\u00e4ndliche Signale ausgehen, um deutlich zu machen, dass die Zivilgesellschaft in gro\u00dfer Breite dem rechten Angriff auf die Demokratie widersteht.<\/em><\/p>\n<p><em>Die neue Rechte sei gezielt auf der Suche nach Kontakten hinein in die b\u00fcrgerliche Gesellschaft, so J\u00e4ger. Diese Taktik gelte es zu erkennen und entsprechend zu reagieren. Vom oft noch vorherrschenden Bild des Neonazis in Springerstiefeln mit kahlgeschorenem Kopf m\u00fcsse man sich verabschieden. Es sei eine zweite Generation von Neonazis unterwegs, die oft nicht leicht zu identifizieren sei. <\/em><\/p>\n<p><em>&#8222;Den netten, weichgesp\u00fclten Nazi von nebenan aber gibt es nicht&#8220;, betonte der Superintendent. Die Erscheinungsform habe sich ver\u00e4ndert, die menschenverachtenden Inhalte seien jedoch die gleichen geblieben.<\/em><\/p>\n<p><em>Der Kirchenkreis mahnt, den Blick in dieser Hinsicht zu sch\u00e4rfen und Zivilcourage zu zeigen. So sei es andernorts durch Aufkl\u00e4rung und breite B\u00fcndnisse von Kirchen, Politik, Gewerkschaften und Verb\u00e4nden bereits gelungen, die schleichende Integration rechter Gedanken in die Schranken zu weisen. Insbesondere durch intensive Jugendarbeit in Vereinen und Organisationen k\u00f6nne erreicht werden, dass die Anf\u00e4lligkeit f\u00fcr stumpfe, simple und ewiggestrige Parolen abnehme.<\/em><\/p>\n","protected":false},"excerpt":{"rendered":"<p>Sowohl die katholische als auch die evangelische Kirche zeigen Flagge gegen rechtsextremistische Umtriebe und unterst\u00fctzen die Jugend-Initiative in Tostedt, die sich in einem Offenen Brief an die Politik gewandt hatte. \u201eDie Samtgemeinde Tostedt muss jetzt hart durchgreifen\u201c, fordert der stellvertretende Pastoralrats-Vorsitzende der katholischen Herz-Jesu-Gemeinde, Matthias Kurrig, auf Anfrage. Alle gesetzlichen M\u00f6glichkeiten m\u00fcssten ausgesch\u00f6pft werden (siehe: &hellip; <a href=\"https:\/\/willizblog.de\/?p=1749\" class=\"more-link\"><span class=\"screen-reader-text\">Die Kirche zeigt Flagge gegen Rechts<\/span> weiterlesen <span class=\"meta-nav\">&rarr;<\/span><\/a><\/p>\n","protected":false},"author":1,"featured_media":0,"comment_status":"open","ping_status":"closed","sticky":false,"template":"","format":"standard","meta":[],"categories":[11,2],"tags":[],"_links":{"self":[{"href":"https:\/\/willizblog.de\/index.php?rest_route=\/wp\/v2\/posts\/1749"}],"collection":[{"href":"https:\/\/willizblog.de\/index.php?rest_route=\/wp\/v2\/posts"}],"about":[{"href":"https:\/\/willizblog.de\/index.php?rest_route=\/wp\/v2\/types\/post"}],"author":[{"embeddable":true,"href":"https:\/\/willizblog.de\/index.php?rest_route=\/wp\/v2\/users\/1"}],"replies":[{"embeddable":true,"href":"https:\/\/willizblog.de\/index.php?rest_route=%2Fwp%2Fv2%2Fcomments&post=1749"}],"version-history":[{"count":0,"href":"https:\/\/willizblog.de\/index.php?rest_route=\/wp\/v2\/posts\/1749\/revisions"}],"wp:attachment":[{"href":"https:\/\/willizblog.de\/index.php?rest_route=%2Fwp%2Fv2%2Fmedia&parent=1749"}],"wp:term":[{"taxonomy":"category","embeddable":true,"href":"https:\/\/willizblog.de\/index.php?rest_route=%2Fwp%2Fv2%2Fcategories&post=1749"},{"taxonomy":"post_tag","embeddable":true,"href":"https:\/\/willizblog.de\/index.php?rest_route=%2Fwp%2Fv2%2Ftags&post=1749"}],"curies":[{"name":"wp","href":"https:\/\/api.w.org\/{rel}","templated":true}]}}