{"id":1755,"date":"2009-05-20T00:01:11","date_gmt":"2009-05-19T22:01:11","guid":{"rendered":"http:\/\/www.willizblog.de\/?p=1755"},"modified":"2009-06-16T14:04:32","modified_gmt":"2009-06-16T12:04:32","slug":"per-fahrrad-zum-evangelischer-kirchentag-in-bremen","status":"publish","type":"post","link":"https:\/\/willizblog.de\/?p=1755","title":{"rendered":"Per Fahrrad zum Evangelischer Kirchentag in Bremen"},"content":{"rendered":"<p>Heute beginnt in Bremen der <a href=\"http:\/\/www.kirchentag.de\/\" target=\"_blank\">32. Deutsche Evangelische Kirchentag<\/a> und endet am Sonntag, den 24. Mai. Die Kirchentagslosung lautet nach 1. Moses 3,9: <strong>Mensch, <a href=\"http:\/\/www.bibleserver.com\/go.php?lang=de&#038;bible=EU&#038;ref=Gen3\" target=\"_blank\">wo bist Du?<\/a><\/strong><\/p>\n<p>Der erste Kirchentag an der Weser wird bunt und maritim. Zu den rund 2500 Veranstaltungen werden 100.000 Menschen erwartet; Veranstaltungen mit Abendgebeten und Diskussionen. Mit Musik und Vortr\u00e4gen. Mit liturgischen Abenden, packenden Open Airs, einem Zentrum f\u00fcr Jugend und einem f\u00fcr Kinder (Programmheft als <a href=\"http:\/\/www.kirchentag.de\/fileadmin\/dateien\/Programm\/DEKT_2009_Programmheft3.pdf\" target=\"_blank\">PDF \u2013 Stand: 01.03.2009<\/a> zum Download: 2,8 MB gro\u00df\u2013 <a href=\"http:\/\/www.kirchentag.de\/no_cache\/programm\/programmdatenbank.html\" target=\"_blank\">aktuelle Datenbank online<\/a>).<\/p>\n<p><img src=\"https:\/\/www.willizblog.de\/blogpicts\/kirchentag_bremen_2009_fahrrad.jpg\" alt=\"Mit dem Rad zum Kirchentag in Bremen\" \/><\/p>\n<p>Mein Sohn Jan hat sich bereits gestern Abend mit der <a href=\"http:\/\/www.vcp-tostedt.de\/\" target=\"_blank\">Evangelischen Jugend aus Tostedt<\/a> <a href=\"http:\/\/www.kirchentag.de\/dabei-sein\/anreisen\/per-rad.html\" target=\"_blank\">per Fahrrad<\/a> mit Zwischenhalt in Lauenbr\u00fcck auf den Weg nach Bremen gemacht. In Achim, Syke, Delmenhorst und Lilienthal sammelten sich die Teilnehmer, um am heute Morgen in einer <a href=\"http:\/\/adfc-bremen.de\/cms\/front_content.php?idcat=179\" target=\"_blank\">Sternfahrt nach Bremen<\/a> aufzubrechen. Dort werden die Radreisegruppen von Bremens Umweltsenator Dr. Reinhard Loske, dem Bischof der Evangelisch-Lutherischen Kirche in Oldenburg, Jan Janssen sowie dem Komponisten, S\u00e4nger und Musiker Fritz Baltruweit begr\u00fc\u00dft. Bremen ist n\u00e4mlich eine fahrradfreundliche Stadt mit vielen Radwegen. <\/p>\n<p><a href=\"http:\/\/evjuhit.de\/index.php?id=514\" target=\"_blank\">Mensch wo bist du? &#8211; Auf dem Rad gewesen!<\/a><br \/>\nRund 50 Jugendliche aus dem Kirchenkreis Hittfeld fuhren vom 19. &#8211; 24. Mai 2009 auf dem Rad zum Kirchentag nach Bremen<\/p>\n<p><a href=\"http:\/\/www.kirchengemeinde-hittfeld.de\/hittfeld\/jugend\/jugend-unterwegs\/kirchentag-2009.html\" target=\"_blank\">Mensch, wo bist Du? &#8211; Auf dem Rad, Herr!<\/a><\/p>\n<p>siehe auch: <a href=\"http:\/\/www.radiobremen.de\/bremenvier\/events\/ueberblick\/2009_kirchentag\/\" target=\"_blank\">Kirchentag bei Radio Bremen (Bremen vier)<\/a><\/p>\n<p>siehe auch: <a href=\"https:\/\/www.willizblog.de\/?p=873\" target=\"_blank\">Evangelischer Kirchentag in K\u00f6ln 2007<\/a><\/p>\n","protected":false},"excerpt":{"rendered":"<p>Heute beginnt in Bremen der 32. Deutsche Evangelische Kirchentag und endet am Sonntag, den 24. Mai. Die Kirchentagslosung lautet nach 1. Moses 3,9: Mensch, wo bist Du? Der erste Kirchentag an der Weser wird bunt und maritim. Zu den rund 2500 Veranstaltungen werden 100.000 Menschen erwartet; Veranstaltungen mit Abendgebeten und Diskussionen. Mit Musik und Vortr\u00e4gen. &hellip; <a href=\"https:\/\/willizblog.de\/?p=1755\" class=\"more-link\"><span class=\"screen-reader-text\">Per Fahrrad zum Evangelischer Kirchentag in Bremen<\/span> weiterlesen <span class=\"meta-nav\">&rarr;<\/span><\/a><\/p>\n","protected":false},"author":1,"featured_media":0,"comment_status":"open","ping_status":"closed","sticky":false,"template":"","format":"standard","meta":[],"categories":[11,2],"tags":[],"_links":{"self":[{"href":"https:\/\/willizblog.de\/index.php?rest_route=\/wp\/v2\/posts\/1755"}],"collection":[{"href":"https:\/\/willizblog.de\/index.php?rest_route=\/wp\/v2\/posts"}],"about":[{"href":"https:\/\/willizblog.de\/index.php?rest_route=\/wp\/v2\/types\/post"}],"author":[{"embeddable":true,"href":"https:\/\/willizblog.de\/index.php?rest_route=\/wp\/v2\/users\/1"}],"replies":[{"embeddable":true,"href":"https:\/\/willizblog.de\/index.php?rest_route=%2Fwp%2Fv2%2Fcomments&post=1755"}],"version-history":[{"count":0,"href":"https:\/\/willizblog.de\/index.php?rest_route=\/wp\/v2\/posts\/1755\/revisions"}],"wp:attachment":[{"href":"https:\/\/willizblog.de\/index.php?rest_route=%2Fwp%2Fv2%2Fmedia&parent=1755"}],"wp:term":[{"taxonomy":"category","embeddable":true,"href":"https:\/\/willizblog.de\/index.php?rest_route=%2Fwp%2Fv2%2Fcategories&post=1755"},{"taxonomy":"post_tag","embeddable":true,"href":"https:\/\/willizblog.de\/index.php?rest_route=%2Fwp%2Fv2%2Ftags&post=1755"}],"curies":[{"name":"wp","href":"https:\/\/api.w.org\/{rel}","templated":true}]}}