{"id":1770,"date":"2009-05-24T00:01:00","date_gmt":"2009-05-23T22:01:00","guid":{"rendered":"http:\/\/www.willizblog.de\/?p=1770"},"modified":"2009-06-02T13:27:05","modified_gmt":"2009-06-02T11:27:05","slug":"wolfsburg-die-no-eins-im-norden","status":"publish","type":"post","link":"https:\/\/willizblog.de\/?p=1770","title":{"rendered":"Wolfsburg, die No. eins im Norden"},"content":{"rendered":"<p><em>Wer zuletzt lacht, lacht am besten <\/em>\u2013 hei\u00dft es. Sollte am Ende der HSV das bessere Lachen haben? Nachdem der HSV gegen den SV Werder Bremen sowohl im UEFA-Cup-Halbfinale als auch im DFB-Pokal-Halbfinale \u2013 zuletzt dann auch noch im Bundesliga-Punktspiel \u2013 das Nachsehen hatte, gelang den Hamburger Fu\u00dfballern gestern mit dem Sieg in Frankfurt (Siegtreffer in letzter Minute) und dem Erreichen des 5. Tabellenplatzes doch noch die direkte Teilnahme am UEFA-Cup in der n\u00e4chsten Saison.<\/p>\n<p>Und Werder? Die verhunzte Bundesliga-Saison sollte mit dem Gewinn des UEFA- und des DFB-Pokals doch noch ein gutes Ende finden. Aber was die Mannschaft am Mittwoch vor 40.000 Zuschauern im S\u00fckr\u00fc-Saracoglu-Stadion von Istanbul gegen <a href=\"https:\/\/de.wikipedia.org\/wiki\/Schachtar_Donezk\" target=\"_blank\">Schachtar Donezk<\/a> bot, war bestenfalls \u201agute Hausmannskost\u2019, sprich Bundesligadurchschnitt. Sicherlich war das Fehlen von Diego, Mertesacker und auch Almeida schmerzlich sp\u00fcrbar; aber auch ohne diese sollte mehr zu Stande kommen als das ideenlose Nach-vorne-Gebolze. Besonders Mesut \u00d6zil, der Diego vertreten musste, litt am Mittwochabend unter einer schweren Spielhemmung. Donezk bem\u00fchte sich wenigstens, spielerisch zu \u00fcberzeugen, was auch ab und zu gelang; insgesamt war das Gekicke aber eines Endspiels nicht w\u00fcrdig. So verlor der SV Werder das Spiel in der Verl\u00e4ngerung mit 1:2.<\/p>\n<p><img src=\"https:\/\/www.willizblog.de\/blogpicts\/werder200809_uefa_endspiel_istanbul.jpg\" alt=\"Werders Niederlage im UEFA-Cup-Endspiel 2009\" \/><\/p>\n<p>Was bleibt, ist der DFB-Pokal, der am kommenden Samstag um 20 Uhr in Berlin gegen die Werkself aus Leverkusen ausgespielt wird. Gelingt es Trainer Thomas Schaaf die Mannschaft noch einmal zu motivieren und wieder in Gang zu bringen? Die klare Niederlage gestern in Wolfsburg verhei\u00dft nichts Gutes. Allerdings machte es Leverkusen in Cottbus auch nicht besser.<\/p>\n<p>Sollte Werder auch das DFB-Pokal-Endspiel vermasseln und damit in der n\u00e4chsten Saison international nicht mehr vertreten sein, dann sieht die Zukunft des Vereins wahrlich nicht sehr rosig aus, zumal Diego in diesem Endspiel zum letzten Mal im Werder-Dress auflaufen wird. <em>Der HSV h\u00e4tte dann wahrlich das bessere Lachen &#8230;<\/em><\/p>\n<p>An Werder und HSV vorbei hat sich der VfL Wolfsburg nach vorn geschoben und ist verdienterma\u00dfen mit dem erstmaligen Gewinn einer deutschen Fu\u00dfballmeisterschaft auch die Numero eins im Norden der Republik. Dazu kann ich nur gratulieren! Genau. Gratulation nach Wolfsburg (immerhin sind die W\u00f6lfe auch Niedersachsen \u2013 wie ich).<\/p>\n","protected":false},"excerpt":{"rendered":"<p>Wer zuletzt lacht, lacht am besten \u2013 hei\u00dft es. Sollte am Ende der HSV das bessere Lachen haben? Nachdem der HSV gegen den SV Werder Bremen sowohl im UEFA-Cup-Halbfinale als auch im DFB-Pokal-Halbfinale \u2013 zuletzt dann auch noch im Bundesliga-Punktspiel \u2013 das Nachsehen hatte, gelang den Hamburger Fu\u00dfballern gestern mit dem Sieg in Frankfurt (Siegtreffer &hellip; <a href=\"https:\/\/willizblog.de\/?p=1770\" class=\"more-link\"><span class=\"screen-reader-text\">Wolfsburg, die No. eins im Norden<\/span> weiterlesen <span class=\"meta-nav\">&rarr;<\/span><\/a><\/p>\n","protected":false},"author":1,"featured_media":0,"comment_status":"open","ping_status":"closed","sticky":false,"template":"","format":"standard","meta":[],"categories":[27],"tags":[],"_links":{"self":[{"href":"https:\/\/willizblog.de\/index.php?rest_route=\/wp\/v2\/posts\/1770"}],"collection":[{"href":"https:\/\/willizblog.de\/index.php?rest_route=\/wp\/v2\/posts"}],"about":[{"href":"https:\/\/willizblog.de\/index.php?rest_route=\/wp\/v2\/types\/post"}],"author":[{"embeddable":true,"href":"https:\/\/willizblog.de\/index.php?rest_route=\/wp\/v2\/users\/1"}],"replies":[{"embeddable":true,"href":"https:\/\/willizblog.de\/index.php?rest_route=%2Fwp%2Fv2%2Fcomments&post=1770"}],"version-history":[{"count":0,"href":"https:\/\/willizblog.de\/index.php?rest_route=\/wp\/v2\/posts\/1770\/revisions"}],"wp:attachment":[{"href":"https:\/\/willizblog.de\/index.php?rest_route=%2Fwp%2Fv2%2Fmedia&parent=1770"}],"wp:term":[{"taxonomy":"category","embeddable":true,"href":"https:\/\/willizblog.de\/index.php?rest_route=%2Fwp%2Fv2%2Fcategories&post=1770"},{"taxonomy":"post_tag","embeddable":true,"href":"https:\/\/willizblog.de\/index.php?rest_route=%2Fwp%2Fv2%2Ftags&post=1770"}],"curies":[{"name":"wp","href":"https:\/\/api.w.org\/{rel}","templated":true}]}}