{"id":1787,"date":"2009-05-27T00:21:29","date_gmt":"2009-05-26T22:21:29","guid":{"rendered":"http:\/\/www.willizblog.de\/?p=1787"},"modified":"2009-05-27T07:00:31","modified_gmt":"2009-05-27T05:00:31","slug":"das-spieler-karussell-dreht-sich-wieder-diego-geht-nach-turin","status":"publish","type":"post","link":"https:\/\/willizblog.de\/?p=1787","title":{"rendered":"Das Spieler-Karussell dreht sich wieder: Diego geht nach Turin"},"content":{"rendered":"<p>Noch ist die Fu\u00dfball-Saison 2008\/2009 nicht ganz zu Ende (u.a. spielt am Samstag um 20 Uhr  der SV Werder Bremen in Berlin um den DFB-Pokal gegen Bayer Leverkusen und damit vor allem auch um die Teilnahme an der neuen UEFA Europa League), da kommt das Spieler-Karussell bereits wieder in Schwung.<\/p>\n<p>Nehmen wir als Beispiel Bayern M\u00fcnchen: Der Wechsel von Lukas Podolski zum 1. FC K\u00f6ln steht ja schon l\u00e4ngere Zeit fest. Daneben verlassen Massimo Oddo (zur\u00fcck zum AC Mailand \u2013 er war ausgeliehen) und Mats Hummels zu Borussia Dortmund den Verein. Der brasilianische Mittelfeldspieler Z\u00e9 Roberto denkt vielleicht daran, in seine Heimat zur\u00fcckzukehren. Auf der anderen Seite sind Anatoly Tymoschuk von Zenit St. Petersburg und der abl\u00f6sefreie Ivica Olic vom HSV (als Podolski-Ersatz) bereits \u201agebucht\u2019. Weitere Neuzug\u00e4nge sind Andreas G\u00f6rlitz (war an den Karlsruher SC ausgeliehen), Alexander Baumjohann und aus der 2. Mannschaft der Bayern die Spieler Holger Badstuber und Thomas M\u00fcller.<\/p>\n<p>Die Frage ist, ob Franck Rib\u00e9ry zu halten sein wird. Immerhin hat er noch zwei Jahre Vertrag ohne jegliche Ausstiegsklausel und wird bleiben, wenn sich die Bayern weiter entsprechend verst\u00e4rken. Neben einen Torwart (vielleicht Manuel Neuer von Schalke 04) und einen Au\u00dfenverteidiger sind die Bayern besonders an <a href=\"http:\/\/fussball.zdf.de\/ZDFsport\/inhalt\/10\/0,5676,7590762,00.html\" target=\"_blank\">Mario Gomez<\/a> interessiert \u2013 der Deal ist wohl schon in trockenen T\u00fcchern. Sollte dagegen Rib\u00e9ry nicht zu halten sein, dann denkt man in M\u00fcnchen an <a href=\"https:\/\/de.wikipedia.org\/wiki\/Wesley_Sneijder\" target=\"_blank\">Wesley Sneijder<\/a> als Ersatz (zz. Bei Real Madrid \u2013 der d\u00fcrfte auch nicht gerade f\u00fcr ein Ei und ein Butterbrot zu haben sein).<\/p>\n<p>Der Menschenhandel bl\u00fcht also wieder.<\/p>\n<p>Wie sieht es nun bei Werder Bremen aus? Im Mittelpunkt steht nat\u00fcrlich <a href=\"http:\/\/fussball.zdf.de\/ZDFsport\/inhalt\/4\/0,5676,7590756,00.html\" target=\"_blank\">Diego<\/a>, der zur Saison 2006\/2007 f\u00fcr rund 6 Millionen Euro vom FC Porto nach Bremen kam und der jetzt nach drei Jahren f\u00fcr ein Vielfaches (mit Optionen rund 27 Millionen Euro) nach Italien zu Juventus Turin wechseln wird. Frank Baumann, jahrelang Kapit\u00e4n der Bremer, beendet seine Karriere (er bleibt aber bei Werder und wird ab dem 01.01.2010 seine Arbeit als Assistent des Gesch\u00e4ftsf\u00fchrers Profifu\u00dfball aufnehmen) und Alexandros Tziolis, der nicht gehalten hat, was Otto Rehhagel versprach, kehrt zu Panathinaikos Athen zur\u00fcck (er war ausgeliehen, um in Bremen Erfahrung zu sammeln). Bleibt die Frage, was mit Claudio Pizarro sein wird. Den hatte Werder vor einem Jahr von Chelsea London ausgeliehen. Das Interesse ist gro\u00df an ihm, immerhin war er der erfolgsreichste Sch\u00fctze dieser Saison in Bremer Reihen. Da aber gegen ihn ein Verfahren anh\u00e4ngig ist (als Spieler soll er auch als Spielervermittler aufgetreten sein, was verboten ist) und mit einer l\u00e4ngeren Sperre gerechnet wird, sitzt Bremen hier weiterhin in der Zwickm\u00fchle. Ein Vertrag kommt also vorerst wohl nicht in Frage, vielleicht verl\u00e4ngert Bremen die Ausleihe um ein weiteres Jahr.<\/p>\n<p><img src=\"https:\/\/www.willizblog.de\/blogpicts\/werder_bremen_trikot_2008_09.jpg\" alt=\"Trikots des SV Werder Bremen f\u00fcr die Saison 2008\/2009\" \/><\/p>\n<p>Daf\u00fcr gibt es aber einige mehr oder weniger prominente R\u00fcckkehrer, die bisher ausgeliehen waren, neben Kevin Schindler, Said Husejinovic  und John Jairo Mosquera  u.a. Boubacar Sanogo (zur\u00fcck aus Hoffenheim), der aber kaum als vollwertiger Ersatz f\u00fcr Pizarro gelten kann (wenn Pizarro nicht in Bremen bleibt). \u00dcbrigens ist Sanogo von Werder auf die Transferliste gesetzt worden (das Interesse an ihm ist also eher klein). Und nat\u00fcrlich Carlos Alberto, Werders bisher teuerster Einkauf resp. Fehleinkauf (vor zwei Jahren gab man f\u00fcr ihn 8,5 Millionen Euro aus; sein Vertrag l\u00e4uft bis 30.06.2011, also noch zwei Jahre), der eigentlich aus Brasilien kommend wieder an der kalten Weser eintreffen sollte. Wird er vielleicht wirklich noch einmal ins Werder-Trikot schl\u00fcpfen? Aus Werders zweiter Mannschaft kommt Timo Perthel.<\/p>\n<p>Sanogo und Carlos Alberto f\u00fcr Pizarro und Diego? Damit w\u00fcrde sich Werder bestimmt nicht verbessern. Durch Diegos Verkauf wird viel Geld in die Kasse von Werder Bremen gesp\u00fclt. Und irgendwo h\u00f6rt man dann, das es ein Interesse an Fu\u00dfball-Nationalspieler Marko Marin von Borussia M\u00f6nchengladbach geben k\u00f6nnte. Ich denke, in Bremen wird man erst einmal das DFB-Pokal-Endspiel abwarten. Sollte es auch da eine Pleite geben, dann wird die n\u00e4chste Saison eine Durststrecke ohne internationale Pr\u00e4senz werden. Aber auch daf\u00fcr muss man nat\u00fcrlich in Bremen gewappnet sein.<\/p>\n<p>Nun vieles ist noch reine Spekulation und die Jagdsaison ist ja erst er\u00f6ffnet. Besonders Vereine mit millionen- resp. milliardenschweren Sponsoren (z.B. bei 1899 Hoffenheim) werden ein geh\u00f6riges Wort mitsprechen beim Ein- bzw. Verkauf von Spielern. Profi-Fu\u00dfball ist nun einmal Geldsache. Kleinere Vereine wie Werder Bremen k\u00f6nnen so nur mit einer geschickten Ein- und Verkaufsstrategie ihren Kopf \u00fcber Wasser halten. Und eine gute <a href=\"http:\/\/www.zdf.de\/ZDFmediathek\/content\/598866?inPopup=true\" target=\"_blank\">Nachwuchsarbeit<\/a> geh\u00f6rt auch dazu.<\/p>\n<p>siehe auch meinen Beitrag: <a href=\"https:\/\/www.willizblog.de\/?p=1688\" target=\"_blank\">Ger\u00fcchte und Realit\u00e4ten<\/a><\/p>\n<p><a href=\"http:\/\/www.bundesliga.de\/de\/dfl\/transfer\/index.php\" target=\"_blank\">Transferlisten der DFL Deutsche Fu\u00dfball Liga<\/a><\/p>\n<p>neueste \u00dcbersicht \u00fcber den <a href=\"http:\/\/www.transfermarkt.de\/de\/wettbewerb\/L1\/1-bundesliga\/transfers\/2009\/transferuebersicht.html\" target=\"_blank\">Transfermarkt der Fu\u00dfball-Bundesliga<\/a><\/p>\n","protected":false},"excerpt":{"rendered":"<p>Noch ist die Fu\u00dfball-Saison 2008\/2009 nicht ganz zu Ende (u.a. spielt am Samstag um 20 Uhr der SV Werder Bremen in Berlin um den DFB-Pokal gegen Bayer Leverkusen und damit vor allem auch um die Teilnahme an der neuen UEFA Europa League), da kommt das Spieler-Karussell bereits wieder in Schwung. Nehmen wir als Beispiel Bayern &hellip; <a href=\"https:\/\/willizblog.de\/?p=1787\" class=\"more-link\"><span class=\"screen-reader-text\">Das Spieler-Karussell dreht sich wieder: Diego geht nach Turin<\/span> weiterlesen <span class=\"meta-nav\">&rarr;<\/span><\/a><\/p>\n","protected":false},"author":1,"featured_media":0,"comment_status":"open","ping_status":"closed","sticky":false,"template":"","format":"standard","meta":[],"categories":[27],"tags":[],"_links":{"self":[{"href":"https:\/\/willizblog.de\/index.php?rest_route=\/wp\/v2\/posts\/1787"}],"collection":[{"href":"https:\/\/willizblog.de\/index.php?rest_route=\/wp\/v2\/posts"}],"about":[{"href":"https:\/\/willizblog.de\/index.php?rest_route=\/wp\/v2\/types\/post"}],"author":[{"embeddable":true,"href":"https:\/\/willizblog.de\/index.php?rest_route=\/wp\/v2\/users\/1"}],"replies":[{"embeddable":true,"href":"https:\/\/willizblog.de\/index.php?rest_route=%2Fwp%2Fv2%2Fcomments&post=1787"}],"version-history":[{"count":0,"href":"https:\/\/willizblog.de\/index.php?rest_route=\/wp\/v2\/posts\/1787\/revisions"}],"wp:attachment":[{"href":"https:\/\/willizblog.de\/index.php?rest_route=%2Fwp%2Fv2%2Fmedia&parent=1787"}],"wp:term":[{"taxonomy":"category","embeddable":true,"href":"https:\/\/willizblog.de\/index.php?rest_route=%2Fwp%2Fv2%2Fcategories&post=1787"},{"taxonomy":"post_tag","embeddable":true,"href":"https:\/\/willizblog.de\/index.php?rest_route=%2Fwp%2Fv2%2Ftags&post=1787"}],"curies":[{"name":"wp","href":"https:\/\/api.w.org\/{rel}","templated":true}]}}