{"id":179,"date":"2005-06-23T15:33:27","date_gmt":"2005-06-23T14:33:27","guid":{"rendered":"http:\/\/www.albinz.de\/blog\/?p=179"},"modified":"2006-03-17T17:33:03","modified_gmt":"2006-03-17T16:33:03","slug":"tostedt-100-jahre-mittelschule-realschule-tostedt","status":"publish","type":"post","link":"https:\/\/willizblog.de\/?p=179","title":{"rendered":"Tostedt: 100 Jahre Mittelschule-Realschule Tostedt"},"content":{"rendered":"<p>Die <a href=\"http:\/\/www.erich-kaestner-realschule.de\/\" target=\"_blank\">Erich-K\u00e4stner-Realschule<\/a> in Tostedt feiert in diesen Tagen ihr 100-j\u00e4hriges Bestehen. Also noch ein Jubil\u00e4um in Tostedt. Am Freitag, dem 24. 06. 2005, findet u.a. ab 19.30 Uhr ein &#8222;Bunter Abend&#8220; statt.<\/p>\n<p>Gleichzeitig ist diese Woche f\u00fcr die Sch\u00fcler eine Projektwoche. Nat\u00fcrlich unter dem Thema &#8222;100 Jahre Mittelschule-Realschule&#8220;! Mein Sohn Lukas war u.a. mit seiner Schulklasse einen Tag im <a href=\"http:\/\/www.kiekeberg-museum.de\/\" target=\"_blank\">Freilichtmuseum am Kiekeberg<\/a> in Hamburg-Harburg. Dabei lernten die Sch\u00fcler die Bauweise eines <a href=\"http:\/\/www.fachwerk.de\/\" target=\"_blank\">Fachwerkhauses<\/a> kennen, also eine Technik des Hausbaues, wie sie vor 100 Jahren praktiziert wurde. Hier einige Bilder von dem Besuch:<\/p>\n<table cellspacing=\"0\" cellpadding=\"5\" width=\"80%\" border=\"0\">\n<tr>\n<td style=\"width: 33%\" align=\"center\"><img loading=\"lazy\" height=\"269\" alt=\"Fachwerkhaus\" src=\"https:\/\/www.willizblog.de\/albpics\/kiekeberg01.jpg\" width=\"180\" border=\"0\" \/><\/td>\n<td style=\"width: 33%\" align=\"center\"><img loading=\"lazy\" height=\"269\" alt=\"Ger\u00fcste zusammenstellen\" src=\"https:\/\/www.willizblog.de\/albpics\/kiekeberg02.jpg\" width=\"180\" border=\"0\" \/><\/td>\n<\/tr>\n<tr>\n<td style=\"width: 33%\" align=\"center\"><font face=\"Lucida Grande, Lucida Sans Unicode, Verdana, sans-serif\" size=\"2\">altes Fachwerkhaus<\/font><\/td>\n<td style=\"width: 33%\" align=\"center\"><font face=\"Lucida Grande, Lucida Sans Unicode, Verdana, sans-serif\" size=\"2\">Zusammenstellung des Ger\u00fcstes (aus St\u00e4ndern, Streben, B\u00e4ndern usw.)<\/font><\/td>\n<\/tr>\n<tr>\n<td style=\"width: 33%\" align=\"center\"><img loading=\"lazy\" height=\"269\" alt=\"Lehm anr\u00fchren\" src=\"https:\/\/www.willizblog.de\/albpics\/kiekeberg03.jpg\" width=\"180\" border=\"0\" \/><\/td>\n<td style=\"width: 33%\" align=\"center\"><img loading=\"lazy\" height=\"180\" alt=\"\u00c4ste ins Gefache\" src=\"https:\/\/www.willizblog.de\/albpics\/kiekeberg04.jpg\" width=\"269\" border=\"0\" \/><\/td>\n<\/tr>\n<tr>\n<td style=\"width: 33%\" align=\"center\"><font face=\"Lucida Grande, Lucida Sans Unicode, Verdana, sans-serif\" size=\"2\">Der Lehm wird mit Wasser anger\u00fchrt<\/font><\/td>\n<td style=\"width: 33%\" align=\"center\"><font face=\"Lucida Grande, Lucida Sans Unicode, Verdana, sans-serif\" size=\"2\">zuerst \u00c4ste ins Gefache<\/font><\/td>\n<\/tr>\n<tr>\n<td style=\"width: 33%\" align=\"center\"><img loading=\"lazy\" height=\"269\" alt=\"Lehmkugeln\" src=\"https:\/\/www.willizblog.de\/albpics\/kiekeberg05.jpg\" width=\"180\" border=\"0\" \/><\/td>\n<td style=\"width: 33%\" align=\"center\"><img loading=\"lazy\" height=\"269\" alt=\"Lehm auftragen\" src=\"https:\/\/www.willizblog.de\/albpics\/kiekeberg06.jpg\" width=\"180\" border=\"0\" \/><\/td>\n<\/tr>\n<tr>\n<td style=\"width: 33%\" align=\"center\"><font face=\"Lucida Grande, Lucida Sans Unicode, Verdana, sans-serif\" size=\"2\">Lehmkugeln kneten<\/font><\/td>\n<td style=\"width: 33%\" align=\"center\"><font face=\"Lucida Grande, Lucida Sans Unicode, Verdana, sans-serif\" size=\"2\">Lehmkugeln auftragen<\/font><\/td>\n<\/tr>\n<tr>\n<td style=\"width: 33%\" align=\"center\"><img loading=\"lazy\" height=\"269\" alt=\"Lehmausfachung\" src=\"https:\/\/www.willizblog.de\/albpics\/kiekeberg07.jpg\" width=\"180\" border=\"0\" \/><\/td>\n<td style=\"width: 33%\" align=\"center\"><img loading=\"lazy\" height=\"269\" alt=\"... das war es fast\" src=\"https:\/\/www.willizblog.de\/albpics\/kiekeberg08.jpg\" width=\"180\" border=\"0\" \/><\/td>\n<\/tr>\n<tr>\n<td style=\"width: 33%\" align=\"center\"><font face=\"Lucida Grande, Lucida Sans Unicode, Verdana, sans-serif\" size=\"2\">Lehmausfachung<\/font><\/td>\n<td style=\"width: 33%\" align=\"center\"><font face=\"Lucida Grande, Lucida Sans Unicode, Verdana, sans-serif\" size=\"2\">alles gut verstreichen<\/font><\/td>\n<\/tr>\n<tr>\n<td style=\"width: 33%\" align=\"center\" colspan=\"2\"><img loading=\"lazy\" height=\"180\" alt=\"Die Fachwerker\" src=\"https:\/\/www.willizblog.de\/albpics\/kiekeberg09.jpg\" width=\"269\" border=\"0\" \/><\/td>\n<\/tr>\n<tr>\n<td style=\"width: 33%\" align=\"center\" colspan=\"2\"><font face=\"Lucida Grande, Lucida Sans Unicode, Verdana, sans-serif\" size=\"2\">Klasse 5 B der Erich-K\u00e4stner-Realschule Tostedt<\/font><\/td>\n<\/tr>\n<\/table>\n","protected":false},"excerpt":{"rendered":"<p>Die Erich-K\u00e4stner-Realschule in Tostedt feiert in diesen Tagen ihr 100-j\u00e4hriges Bestehen. Also noch ein Jubil\u00e4um in Tostedt. Am Freitag, dem 24. 06. 2005, findet u.a. ab 19.30 Uhr ein &#8222;Bunter Abend&#8220; statt. Gleichzeitig ist diese Woche f\u00fcr die Sch\u00fcler eine Projektwoche. Nat\u00fcrlich unter dem Thema &#8222;100 Jahre Mittelschule-Realschule&#8220;! Mein Sohn Lukas war u.a. mit seiner &hellip; <a href=\"https:\/\/willizblog.de\/?p=179\" class=\"more-link\"><span class=\"screen-reader-text\">Tostedt: 100 Jahre Mittelschule-Realschule Tostedt<\/span> weiterlesen <span class=\"meta-nav\">&rarr;<\/span><\/a><\/p>\n","protected":false},"author":1,"featured_media":0,"comment_status":"closed","ping_status":"closed","sticky":false,"template":"","format":"standard","meta":[],"categories":[11],"tags":[],"_links":{"self":[{"href":"https:\/\/willizblog.de\/index.php?rest_route=\/wp\/v2\/posts\/179"}],"collection":[{"href":"https:\/\/willizblog.de\/index.php?rest_route=\/wp\/v2\/posts"}],"about":[{"href":"https:\/\/willizblog.de\/index.php?rest_route=\/wp\/v2\/types\/post"}],"author":[{"embeddable":true,"href":"https:\/\/willizblog.de\/index.php?rest_route=\/wp\/v2\/users\/1"}],"replies":[{"embeddable":true,"href":"https:\/\/willizblog.de\/index.php?rest_route=%2Fwp%2Fv2%2Fcomments&post=179"}],"version-history":[{"count":0,"href":"https:\/\/willizblog.de\/index.php?rest_route=\/wp\/v2\/posts\/179\/revisions"}],"wp:attachment":[{"href":"https:\/\/willizblog.de\/index.php?rest_route=%2Fwp%2Fv2%2Fmedia&parent=179"}],"wp:term":[{"taxonomy":"category","embeddable":true,"href":"https:\/\/willizblog.de\/index.php?rest_route=%2Fwp%2Fv2%2Fcategories&post=179"},{"taxonomy":"post_tag","embeddable":true,"href":"https:\/\/willizblog.de\/index.php?rest_route=%2Fwp%2Fv2%2Ftags&post=179"}],"curies":[{"name":"wp","href":"https:\/\/api.w.org\/{rel}","templated":true}]}}