{"id":1799,"date":"2009-05-29T08:32:25","date_gmt":"2009-05-29T06:32:25","guid":{"rendered":"http:\/\/www.willizblog.de\/?p=1799"},"modified":"2011-02-28T10:52:49","modified_gmt":"2011-02-28T09:52:49","slug":"die-lebende-schlaftablette-heino-vor-gericht","status":"publish","type":"post","link":"https:\/\/willizblog.de\/?p=1799","title":{"rendered":"Die lebende Schlaftablette: Heino vor Gericht"},"content":{"rendered":"<p><em>&#8222;Heino bestreitet Vorw\u00fcrfe vor Gericht&#8220;, lasen wir bei dpa und waren bass erstaunt. Vor dem Gerichtshof f\u00fcr Menschenrechte vielleicht? &#8230;<\/em><\/p>\n<p><em>&#8230; Wird er endlich f\u00fcr seine &#8222;musikalischen&#8220; Verbrechen gegen die Menschlichkeit zur Verantwortung gezogen? Nein, zu fr\u00fch gefreut. Es geht nur um einen Streit zwischen Heinos Tourneeveranstalter und einer Versicherung, die nicht f\u00fcr eine wegen Krankheit abgesagte Tour zahlen will. Der Grund: Heino habe seinen wahren Gesundheitszustand verschwiegen. Der aber beteuert: &#8222;Ich war nie im Leben krank.&#8220; Die Richterin hielt ihm daraufhin vor, in zwei Jahren 120-mal beim Arzt gewesen zu sein. Seine Haus\u00e4rztin habe ihm 30-mal je 20 Schlaftabletten verschrieben. Da fragt man sich: Wozu braucht ausgerechnet der dr\u00f6ge Heino Schlaftabletten? Dieser erkl\u00e4rt: Er habe die Tabletten meist an seine Frau Hannelore oder an Bandmitglieder verteilt. Zweifelsfrei clever, d\u00e4mpfen die Pillen doch den panischen Fluchtreflex, den Heinos Lieder ausl\u00f6sen. Ob er auch sein Publikum sediert hat, ist noch unklar. Das w\u00e4re dann aber wirklich ein Fall f\u00fcr die Menschenrechtler.<\/em><\/p>\n<p>aus: <a href=\"http:\/\/www.taz.de\/1\/wahrheit\/artikel\/1\/-a1cad2f852\/\" target=\"_blank\">taz vom 28.05.2009<\/a><\/p>\n<p>\u00fcbrigens: <a href=\"http:\/\/www.bild.de\/BILD\/unterhaltung\/leute\/2009\/05\/29\/heino-gestaendnis\/posaunist-und-saxofonist-nahmen-heinos-schlaftabletten.html\" target=\"_blank\">Bild sprach mit dem blond-grauen Zombie<\/a><\/p>\n","protected":false},"excerpt":{"rendered":"<p>&#8222;Heino bestreitet Vorw\u00fcrfe vor Gericht&#8220;, lasen wir bei dpa und waren bass erstaunt. Vor dem Gerichtshof f\u00fcr Menschenrechte vielleicht? &#8230; &#8230; Wird er endlich f\u00fcr seine &#8222;musikalischen&#8220; Verbrechen gegen die Menschlichkeit zur Verantwortung gezogen? Nein, zu fr\u00fch gefreut. Es geht nur um einen Streit zwischen Heinos Tourneeveranstalter und einer Versicherung, die nicht f\u00fcr eine wegen &hellip; <a href=\"https:\/\/willizblog.de\/?p=1799\" class=\"more-link\"><span class=\"screen-reader-text\">Die lebende Schlaftablette: Heino vor Gericht<\/span> weiterlesen <span class=\"meta-nav\">&rarr;<\/span><\/a><\/p>\n","protected":false},"author":1,"featured_media":0,"comment_status":"open","ping_status":"closed","sticky":false,"template":"","format":"standard","meta":[],"categories":[7],"tags":[],"_links":{"self":[{"href":"https:\/\/willizblog.de\/index.php?rest_route=\/wp\/v2\/posts\/1799"}],"collection":[{"href":"https:\/\/willizblog.de\/index.php?rest_route=\/wp\/v2\/posts"}],"about":[{"href":"https:\/\/willizblog.de\/index.php?rest_route=\/wp\/v2\/types\/post"}],"author":[{"embeddable":true,"href":"https:\/\/willizblog.de\/index.php?rest_route=\/wp\/v2\/users\/1"}],"replies":[{"embeddable":true,"href":"https:\/\/willizblog.de\/index.php?rest_route=%2Fwp%2Fv2%2Fcomments&post=1799"}],"version-history":[{"count":0,"href":"https:\/\/willizblog.de\/index.php?rest_route=\/wp\/v2\/posts\/1799\/revisions"}],"wp:attachment":[{"href":"https:\/\/willizblog.de\/index.php?rest_route=%2Fwp%2Fv2%2Fmedia&parent=1799"}],"wp:term":[{"taxonomy":"category","embeddable":true,"href":"https:\/\/willizblog.de\/index.php?rest_route=%2Fwp%2Fv2%2Fcategories&post=1799"},{"taxonomy":"post_tag","embeddable":true,"href":"https:\/\/willizblog.de\/index.php?rest_route=%2Fwp%2Fv2%2Ftags&post=1799"}],"curies":[{"name":"wp","href":"https:\/\/api.w.org\/{rel}","templated":true}]}}