{"id":1813,"date":"2009-06-02T12:20:02","date_gmt":"2009-06-02T10:20:02","guid":{"rendered":"http:\/\/www.willizblog.de\/?p=1813"},"modified":"2009-06-02T12:20:02","modified_gmt":"2009-06-02T10:20:02","slug":"polnischer-gegenbesuch","status":"publish","type":"post","link":"https:\/\/willizblog.de\/?p=1813","title":{"rendered":"Polnischer Gegenbesuch"},"content":{"rendered":"<p>Anfang September letzten Jahres war mein Sohn Jan f\u00fcr rund 10 Tage als Austauschsch\u00fcler im Partnerort von Tostedt, in <a href=\"http:\/\/www.lubaczow.pl\/\" target=\"_blank\">Lubacz\u00f3w<\/a> unweit der Grenze zur Ukraine, zu Besuch. Er war Gast bei Piotr, einem Sch\u00fcler des <a href=\"http:\/\/www.lo-lubaczow.pl\/\" target=\"_blank\">Lizeums in Lubacz\u00f3w<\/a>. Seit 1996 besteht dieser <a href=\"http:\/\/www.gymnasiumtostedt.de\/Neu\/austausch\/Polen\/polen.htm\" target=\"_blank\">Sch\u00fcleraustausch<\/a> im 2-j\u00e4hrigen Rhythmus, wobei im September das Treffen in Polen, im darauf folgenden Mai\/Juni in Deutschland stattfindet.<\/p>\n<p>Am 25. Mai kamen die polnischen Sch\u00fcler nun zum Gegenbesuch. Zum Programm geh\u00f6rten u.a. Besuche der St\u00e4dte Hamburg und L\u00fcneburg. Au\u00dferdem waren sie f\u00fcr einen Tag im Heidepark bei Soltau.<\/p>\n<p>Am Pfingstsonntag war Familientag abgesagt. So fuhren wir mit unserem polnischen Gast, jenem Piotr, bei dem unser Sohn im letzten Herbst zu Besuch war, nach <a href=\"http:\/\/www.cuxhaven.de\/\" target=\"_blank\">Cuxhaven<\/a>, damit er die Nordsee kennenlernt und hier speziell das <a href=\"https:\/\/de.wikipedia.org\/wiki\/Wattenmeer_(Nordsee)\" target=\"_blank\">Wattenmeer<\/a>. W\u00e4hrend unseres Aufenthalts in Cuxhaven war gerade <a href=\"http:\/\/www.cuxhaven.de\/cuxhaven_675.php\" target=\"_blank\">Ebbe<\/a>, sodass wir zu Fu\u00df weit ins Wattenmeer hineinlaufen konnten.<\/p>\n<table border=\"0\" cellpadding=\"5\" cellspacing=\"0\" width=\"100%\">\n<tr>\n<td width=\"50%\">\n<p align=\"center\"><img loading=\"lazy\" border=\"0\" src=\"https:\/\/www.willizblog.de\/blogpicts\/cuxhaven2008_05_31_01.jpg\" alt=\"Wanderung durchs Watt\" width=\"270\" height=\"203\"><\/td>\n<td width=\"50%\">\n<p align=\"center\"><img loading=\"lazy\" border=\"0\" src=\"https:\/\/www.willizblog.de\/blogpicts\/cuxhaven2008_05_31_02.jpg\" alt=\"Wattwurm\" width=\"270\" height=\"203\"><\/td>\n<\/tr>\n<tr>\n<td width=\"50%\">\n<p align=\"center\"><font face=\"Lucida Grande, Lucida Sans Unicode, Verdana, sans-serif\" size=\"2\">Wanderung durchs Watt<\/font><\/td>\n<td width=\"50%\">\n<p align=\"center\"><font face=\"Lucida Grande, Lucida Sans Unicode, Verdana, sans-serif\" size=\"2\">Wattwurm<\/font><\/td>\n<\/tr>\n<tr>\n<td width=\"50%\">\n<p align=\"center\"><img loading=\"lazy\" border=\"0\" src=\"https:\/\/www.willizblog.de\/blogpicts\/cuxhaven2008_05_31_03.jpg\" alt=\"Wanderung durchs Watt\" width=\"202\" height=\"270\"><\/td>\n<td width=\"50%\">\n<p align=\"center\"><img loading=\"lazy\" border=\"0\" src=\"https:\/\/www.willizblog.de\/blogpicts\/cuxhaven2008_05_31_04.jpg\" alt=\"Wanderung durchs Watt\" width=\"202\" height=\"270\"><\/td>\n<\/tr>\n<tr>\n<td width=\"50%\">\n<p align=\"center\"><img loading=\"lazy\" border=\"0\" src=\"https:\/\/www.willizblog.de\/blogpicts\/cuxhaven2008_05_31_05.jpg\" alt=\"Wanderung durchs Watt\" width=\"270\" height=\"203\"><\/td>\n<td width=\"50%\">\n<p align=\"center\"><img loading=\"lazy\" border=\"0\" src=\"https:\/\/www.willizblog.de\/blogpicts\/cuxhaven2008_05_31_06.jpg\" alt=\"Fischereihafen von Cuxhaven\" width=\"270\" height=\"203\"><\/td>\n<\/tr>\n<tr>\n<td width=\"50%\">\n<p align=\"center\"><font face=\"Lucida Grande, Lucida Sans Unicode, Verdana, sans-serif\" size=\"2\">Kutschfahrt durchs Watt<\/font><\/td>\n<td width=\"50%\">\n<p align=\"center\"><font face=\"Lucida Grande, Lucida Sans Unicode, Verdana, sans-serif\" size=\"2\">Fischereihafen von Cuxhaven<\/font><\/td>\n<\/tr>\n<\/table>\n<p>Heute sind sowohl die polnischen Sch\u00fcler wie ihre deutschen Gastgeber nach Berlin aufgebrochen, um dort bis morgen zu verweilen. Die Polen fahren von dort aus dann per Bus wieder nach Hause zur\u00fcck.<\/p>\n<p>Nun Piotr sprach etwas Deutsch. Ansonsten klappte die Verst\u00e4ndigung auf Englisch ganz gut. Bei anderen Gastsch\u00fclern gab es da wesentlich gr\u00f6\u00dfere Probleme mit der Sprache, da diese kaum Deutsch und noch weniger Englisch konnten. So mussten sie sich mit H\u00e4nden und F\u00fc\u00dfen verst\u00e4ndigen.<\/p>\n<p>siehe meine Beitr\u00e4ge: <a href=\"https:\/\/www.willizblog.de\/?p=1294\" target=\"_blank\">Ab nach Polen<\/a> &#8211; <a href=\"https:\/\/www.willizblog.de\/?p=1306\" target=\"_blank\">Czesc, Polska!<\/a> &#8211; <a href=\"https:\/\/www.willizblog.de\/?p=1313\" target=\"_blank\">Besuch des KZ Auschwitz-Birkenau<\/a> <\/p>\n","protected":false},"excerpt":{"rendered":"<p>Anfang September letzten Jahres war mein Sohn Jan f\u00fcr rund 10 Tage als Austauschsch\u00fcler im Partnerort von Tostedt, in Lubacz\u00f3w unweit der Grenze zur Ukraine, zu Besuch. Er war Gast bei Piotr, einem Sch\u00fcler des Lizeums in Lubacz\u00f3w. Seit 1996 besteht dieser Sch\u00fcleraustausch im 2-j\u00e4hrigen Rhythmus, wobei im September das Treffen in Polen, im darauf &hellip; <a href=\"https:\/\/willizblog.de\/?p=1813\" class=\"more-link\"><span class=\"screen-reader-text\">Polnischer Gegenbesuch<\/span> weiterlesen <span class=\"meta-nav\">&rarr;<\/span><\/a><\/p>\n","protected":false},"author":1,"featured_media":0,"comment_status":"open","ping_status":"closed","sticky":false,"template":"","format":"standard","meta":[],"categories":[10,11],"tags":[],"_links":{"self":[{"href":"https:\/\/willizblog.de\/index.php?rest_route=\/wp\/v2\/posts\/1813"}],"collection":[{"href":"https:\/\/willizblog.de\/index.php?rest_route=\/wp\/v2\/posts"}],"about":[{"href":"https:\/\/willizblog.de\/index.php?rest_route=\/wp\/v2\/types\/post"}],"author":[{"embeddable":true,"href":"https:\/\/willizblog.de\/index.php?rest_route=\/wp\/v2\/users\/1"}],"replies":[{"embeddable":true,"href":"https:\/\/willizblog.de\/index.php?rest_route=%2Fwp%2Fv2%2Fcomments&post=1813"}],"version-history":[{"count":0,"href":"https:\/\/willizblog.de\/index.php?rest_route=\/wp\/v2\/posts\/1813\/revisions"}],"wp:attachment":[{"href":"https:\/\/willizblog.de\/index.php?rest_route=%2Fwp%2Fv2%2Fmedia&parent=1813"}],"wp:term":[{"taxonomy":"category","embeddable":true,"href":"https:\/\/willizblog.de\/index.php?rest_route=%2Fwp%2Fv2%2Fcategories&post=1813"},{"taxonomy":"post_tag","embeddable":true,"href":"https:\/\/willizblog.de\/index.php?rest_route=%2Fwp%2Fv2%2Ftags&post=1813"}],"curies":[{"name":"wp","href":"https:\/\/api.w.org\/{rel}","templated":true}]}}