{"id":1816,"date":"2009-06-03T00:02:48","date_gmt":"2009-06-02T22:02:48","guid":{"rendered":"http:\/\/www.willizblog.de\/?p=1816"},"modified":"2009-07-06T14:42:38","modified_gmt":"2009-07-06T12:42:38","slug":"ende-gut-alles-gut","status":"publish","type":"post","link":"https:\/\/willizblog.de\/?p=1816","title":{"rendered":"Ende gut, alles gut"},"content":{"rendered":"<p>Werder Bremen hat zum sechsten Mal den <a href=\"http:\/\/www.zdf.de\/ZDFmediathek\/content\/766790?inPopup=true\" target=\"_blank\">DFB-Pokal<\/a> gewonnen. Die Hanseaten besiegten in Berlin die Werkself aus Leverkusen mit 1:0 und bereiteten damit ihrem <a href=\"http:\/\/fussball.zdf.de\/ZDFsport\/inhalt\/31\/0,5676,7591839,00.html\" target=\"_blank\">scheidenden Superstar Diego<\/a> ein sch\u00f6nes Abschiedsgeschenk. Mit diesem Pokalerfolg findet die insgesamt verkorkste Fu\u00dfball-Bundesliga-Saison doch noch <a href=\"http:\/\/fussball.zdf.de\/ZDFsport\/inhalt\/31\/0,5676,7591551,00.html\" target=\"_blank\">ein gutes Ende<\/a>.<\/p>\n<p><img src=\"https:\/\/www.willizblog.de\/blogpicts\/werder2008_09_dfb_pokal_sieg.jpg\" alt=\"Werder Bremen: DFB-Pokal-Sieger 2009\" \/><\/p>\n<p>Nach dem <a href=\"https:\/\/www.willizblog.de\/?p=1770\" target=\"_blank\">verlorenen Finale im UEFA-Cup in Istanbul<\/a> und der 1:5-Niederlagen in Wolfsburg gegen den neuen deutschen Meister erschien es fraglich, ob <a href=\"https:\/\/www.willizblog.de\/?p=1718\" target=\"_blank\">Trainer Thomas Schaaf<\/a> die Mannschaft moralisch noch einmal aufbauen k\u00f6nnte. Immerhin konnte er bis auf Mertesacker in der Abwehr sein bestes Team aufstellen. Und besonders Mesut \u00d6zil, der in Istanbul seiner Rolle als Spielmacher und Diego-Ersatz nicht gerecht wurde, spielte wie befreit auf. In der Abwehr war es einmal mehr Naldo, der immer wieder aufr\u00e4umte. Kein Wunder, wenn im Ausland auch f\u00fcr ihn Interesse gezeigt wird. Werder Bremen zeigte sich von seiner besten Seite. Nur am Ende schien nach 55 Pflichtspielen in dieser Saison den Spielern die Luft auszugehen. Aber Leverkusen war zu harmlos, um das Blatt noch zu wenden.<\/p>\n<p>Das Spiel am Samstag war nicht nur das Abschiedsspiel von Diego, der in den drei Jahren in Bremen f\u00fcr viele wundersch\u00f6ne Fu\u00dfballmomente gesorgt hat. Mit ihm verliert die gesamte Bundesliga einen gro\u00dfartigen Spieler. Am Samstag verabschiedete sich auch Werders Mannschaftskapit\u00e4n <a href=\"http:\/\/fussball.zdf.de\/ZDFsport\/inhalt\/22\/0,5676,7591574,00.html\" target=\"_blank\">Frank Baumann<\/a>, ein zwar eher unauff\u00e4lliger, daf\u00fcr aber sehr effizient spielender Fu\u00dfballer, immerhin auch 28-facher Nationalspieler, der gewisserma\u00dfen als Sprachrohr von Trainer Schaaf auf dem Spielfeld agierte. Obwohl er als ungekr\u00f6nter K\u00f6nig des taktischen Fouls im Mittelfeld gilt, zeichnete er sich insbesondere durch Fairness und Loyalit\u00e4t aus. Baumann bleibt Werder Bremen aber erhalten und wechselt als Assistent von Klaus Allofs ins Management des Vereins.<\/p>\n<p>siehe auch zdf.de: <a href=\"http:\/\/www.zdf.de\/ZDFmediathek\/content\/767008?inPopup=true\" target=\"_blank\">Video Eine Pokal-Party in Gr\u00fcn-Wei\u00df<\/a><\/p>\n","protected":false},"excerpt":{"rendered":"<p>Werder Bremen hat zum sechsten Mal den DFB-Pokal gewonnen. Die Hanseaten besiegten in Berlin die Werkself aus Leverkusen mit 1:0 und bereiteten damit ihrem scheidenden Superstar Diego ein sch\u00f6nes Abschiedsgeschenk. Mit diesem Pokalerfolg findet die insgesamt verkorkste Fu\u00dfball-Bundesliga-Saison doch noch ein gutes Ende. Nach dem verlorenen Finale im UEFA-Cup in Istanbul und der 1:5-Niederlagen in &hellip; <a href=\"https:\/\/willizblog.de\/?p=1816\" class=\"more-link\"><span class=\"screen-reader-text\">Ende gut, alles gut<\/span> weiterlesen <span class=\"meta-nav\">&rarr;<\/span><\/a><\/p>\n","protected":false},"author":1,"featured_media":0,"comment_status":"open","ping_status":"closed","sticky":false,"template":"","format":"standard","meta":[],"categories":[27],"tags":[],"_links":{"self":[{"href":"https:\/\/willizblog.de\/index.php?rest_route=\/wp\/v2\/posts\/1816"}],"collection":[{"href":"https:\/\/willizblog.de\/index.php?rest_route=\/wp\/v2\/posts"}],"about":[{"href":"https:\/\/willizblog.de\/index.php?rest_route=\/wp\/v2\/types\/post"}],"author":[{"embeddable":true,"href":"https:\/\/willizblog.de\/index.php?rest_route=\/wp\/v2\/users\/1"}],"replies":[{"embeddable":true,"href":"https:\/\/willizblog.de\/index.php?rest_route=%2Fwp%2Fv2%2Fcomments&post=1816"}],"version-history":[{"count":0,"href":"https:\/\/willizblog.de\/index.php?rest_route=\/wp\/v2\/posts\/1816\/revisions"}],"wp:attachment":[{"href":"https:\/\/willizblog.de\/index.php?rest_route=%2Fwp%2Fv2%2Fmedia&parent=1816"}],"wp:term":[{"taxonomy":"category","embeddable":true,"href":"https:\/\/willizblog.de\/index.php?rest_route=%2Fwp%2Fv2%2Fcategories&post=1816"},{"taxonomy":"post_tag","embeddable":true,"href":"https:\/\/willizblog.de\/index.php?rest_route=%2Fwp%2Fv2%2Ftags&post=1816"}],"curies":[{"name":"wp","href":"https:\/\/api.w.org\/{rel}","templated":true}]}}