{"id":1831,"date":"2009-06-07T00:01:47","date_gmt":"2009-06-06T22:01:47","guid":{"rendered":"http:\/\/www.willizblog.de\/?p=1831"},"modified":"2009-06-22T11:32:49","modified_gmt":"2009-06-22T09:32:49","slug":"europawahl-2009","status":"publish","type":"post","link":"https:\/\/willizblog.de\/?p=1831","title":{"rendered":"Europawahl 2009"},"content":{"rendered":"<p>Heute findet nun auch in Deutschland die Wahl zum Europaparlament statt. Es wird mit einer sehr geringen Wahlbeteiligung gerechnet \u2013 wahrscheinlich unter 40 %.<\/p>\n<p>Er sei absolut politisch, &#8222;deshalb w\u00e4hle ich auch nicht mehr.&#8220; Europa sei ihm zu abstrakt und unverst\u00e4ndlich geworden. Br\u00fcssel sein f\u00fcr ihn das Synonym f\u00fcr Regulierungswut: &#8222;B\u00fcrokraten sind \u00fcberall, sie beherrschen uns.&#8220; Mit einer Wahl f\u00fcrchtet er, dieses System zu unterst\u00fctzen. Au\u00dferdem ist er mit dem politischen Personal unzufrieden.<\/p>\n<p>So \u00e4u\u00dfert sich Oliver Thiele, freier Kameramann in Berlin. Als Gr\u00fcnde f\u00fcr die Europaskepsis  gelten die fehlende Transparenz europolitischer Entscheidungen und die geringe Wahrnehmung des Europa-Parlaments. Au\u00dferdem hat das Europaparlament das Handicap, dass es selbst keine Regierung und keinen Regierungschef in Europa bestimmen kann. F\u00fcr viele W\u00e4hler ist das aber ein wesentlicher Bestandteil einer Wahl: die, wenn auch indirekte Einsetzung einer Regierung.<\/p>\n<p><img src=\"https:\/\/www.willizblog.de\/blogpicts\/europawahl_2009.jpg\" alt=\"Europawahl 2009\" \/><\/p>\n<p>Ich selbst bin mir bis heute noch nicht sicher, ob ich wirklich zur Wahl gehen werde. Ich teile die Skepsis vieler B\u00fcrger. Br\u00fcssel, das hei\u00dft f\u00fcr mich in erster Linie B\u00fcrokratie. Allein Stimmenverweigerung wird aber keine Reform dieses erstarrten Europas bringen. Es m\u00fcssen zus\u00e4tzlich andere Wege gefunden werden.<\/p>\n<p>siehe auch <a href=\"http:\/\/www.heute.de\/ZDFheute\/inhalt\/27\/0,3672,7587355,00.html\" target=\"_blank\">heute.de: Die Europawahl 2009<\/a><\/p>\n<p><strong>Nachtrag:<\/strong> Nach hei\u00dfen Diskussionen mit meinem \u00e4lteren Sohn, der zum ersten Mal w\u00e4hlen darf, habe ich mich entschlossen, doch zur Wahl zu gehen: Jede nicht abgegebene Stimme ist eine verlorene Stimme. Man kann seinen Protest gegen die Europa-B\u00fcrokratie auch dadurch zum Ausdruck bringen, indem man z.B. eine ung\u00fcltige Stimme abgibt. Zwar hat die Abgabe einer ung\u00fcltigen Stimme keinen Einfluss auf das Wahlergebnis, aber in der amtlichen Wahlstatistik werden ung\u00fcltige Stimmen explizit aufgef\u00fchrt. Ansonsten empfehle ich die Wahl der <a href=\"https:\/\/de.wikipedia.org\/wiki\/Piratenpartei\" target=\"_blank\">Piratenpartei.<\/a><\/p>\n","protected":false},"excerpt":{"rendered":"<p>Heute findet nun auch in Deutschland die Wahl zum Europaparlament statt. Es wird mit einer sehr geringen Wahlbeteiligung gerechnet \u2013 wahrscheinlich unter 40 %. Er sei absolut politisch, &#8222;deshalb w\u00e4hle ich auch nicht mehr.&#8220; Europa sei ihm zu abstrakt und unverst\u00e4ndlich geworden. Br\u00fcssel sein f\u00fcr ihn das Synonym f\u00fcr Regulierungswut: &#8222;B\u00fcrokraten sind \u00fcberall, sie beherrschen &hellip; <a href=\"https:\/\/willizblog.de\/?p=1831\" class=\"more-link\"><span class=\"screen-reader-text\">Europawahl 2009<\/span> weiterlesen <span class=\"meta-nav\">&rarr;<\/span><\/a><\/p>\n","protected":false},"author":1,"featured_media":0,"comment_status":"open","ping_status":"closed","sticky":false,"template":"","format":"standard","meta":[],"categories":[12,29],"tags":[],"_links":{"self":[{"href":"https:\/\/willizblog.de\/index.php?rest_route=\/wp\/v2\/posts\/1831"}],"collection":[{"href":"https:\/\/willizblog.de\/index.php?rest_route=\/wp\/v2\/posts"}],"about":[{"href":"https:\/\/willizblog.de\/index.php?rest_route=\/wp\/v2\/types\/post"}],"author":[{"embeddable":true,"href":"https:\/\/willizblog.de\/index.php?rest_route=\/wp\/v2\/users\/1"}],"replies":[{"embeddable":true,"href":"https:\/\/willizblog.de\/index.php?rest_route=%2Fwp%2Fv2%2Fcomments&post=1831"}],"version-history":[{"count":0,"href":"https:\/\/willizblog.de\/index.php?rest_route=\/wp\/v2\/posts\/1831\/revisions"}],"wp:attachment":[{"href":"https:\/\/willizblog.de\/index.php?rest_route=%2Fwp%2Fv2%2Fmedia&parent=1831"}],"wp:term":[{"taxonomy":"category","embeddable":true,"href":"https:\/\/willizblog.de\/index.php?rest_route=%2Fwp%2Fv2%2Fcategories&post=1831"},{"taxonomy":"post_tag","embeddable":true,"href":"https:\/\/willizblog.de\/index.php?rest_route=%2Fwp%2Fv2%2Ftags&post=1831"}],"curies":[{"name":"wp","href":"https:\/\/api.w.org\/{rel}","templated":true}]}}