{"id":184,"date":"2005-06-28T05:13:54","date_gmt":"2005-06-28T04:13:54","guid":{"rendered":"http:\/\/www.albinz.de\/blog\/?p=184"},"modified":"2005-10-20T09:28:51","modified_gmt":"2005-10-20T07:28:51","slug":"der-1-juli-im-bundestag","status":"publish","type":"post","link":"https:\/\/willizblog.de\/?p=184","title":{"rendered":"Der 1. Juli im Bundestag"},"content":{"rendered":"<p><em>&#8222;Die Sitzung im Bundestag soll am 1. Juli um 10.00 Uhr er\u00f6ffnet werden. Danach will Bundeskanzler Gerhard Schr\u00f6der (SPD) seine Beweggr\u00fcnde f\u00fcr die Vertrauensfrage in einer Rede von etwa 20 Minuten darlegen. Nach den Ausf\u00fchrungen des Bundeskanzlers wird sich eine Debatte im Bundestag anschlie\u00dfen, die rund 70 Minuten dauern soll. Nach Quoten festgelegt haben SPD, CDU\/CSU, Gr\u00fcne, FDP und PDS jeweils unterschiedlich lange Redezeiten.  Die Sitzung mit der Debatte soll bis gegen 11.25 Uhr dauern. Danach wird \u00fcber die Vertrauensfrage abgestimmt: In namentlicher Abstimmung sollen sich die Abgeordneten f\u00fcr oder gegen den Kanzler entscheiden. In der Regel dauert solch ein Urnengang acht bis zehn Minuten. Danach muss sorgf\u00e4ltig ausgez\u00e4hlt werden. Gegen 12 Uhr k\u00f6nnte dann am Freitag das Ergebnis vorliegen. &#8222;<\/em><\/p>\n<p>aus: <a href=\"http:\/\/www.heute.de\/ZDFheute\/inhalt\/20\/0,3672,2327508,00.html\" target=\"_blank\">zdf.de<\/a><\/p>\n","protected":false},"excerpt":{"rendered":"<p>&#8222;Die Sitzung im Bundestag soll am 1. Juli um 10.00 Uhr er\u00f6ffnet werden. Danach will Bundeskanzler Gerhard Schr\u00f6der (SPD) seine Beweggr\u00fcnde f\u00fcr die Vertrauensfrage in einer Rede von etwa 20 Minuten darlegen. Nach den Ausf\u00fchrungen des Bundeskanzlers wird sich eine Debatte im Bundestag anschlie\u00dfen, die rund 70 Minuten dauern soll. Nach Quoten festgelegt haben SPD, &hellip; <a href=\"https:\/\/willizblog.de\/?p=184\" class=\"more-link\"><span class=\"screen-reader-text\">Der 1. Juli im Bundestag<\/span> weiterlesen <span class=\"meta-nav\">&rarr;<\/span><\/a><\/p>\n","protected":false},"author":1,"featured_media":0,"comment_status":"closed","ping_status":"closed","sticky":false,"template":"","format":"standard","meta":[],"categories":[29],"tags":[],"_links":{"self":[{"href":"https:\/\/willizblog.de\/index.php?rest_route=\/wp\/v2\/posts\/184"}],"collection":[{"href":"https:\/\/willizblog.de\/index.php?rest_route=\/wp\/v2\/posts"}],"about":[{"href":"https:\/\/willizblog.de\/index.php?rest_route=\/wp\/v2\/types\/post"}],"author":[{"embeddable":true,"href":"https:\/\/willizblog.de\/index.php?rest_route=\/wp\/v2\/users\/1"}],"replies":[{"embeddable":true,"href":"https:\/\/willizblog.de\/index.php?rest_route=%2Fwp%2Fv2%2Fcomments&post=184"}],"version-history":[{"count":0,"href":"https:\/\/willizblog.de\/index.php?rest_route=\/wp\/v2\/posts\/184\/revisions"}],"wp:attachment":[{"href":"https:\/\/willizblog.de\/index.php?rest_route=%2Fwp%2Fv2%2Fmedia&parent=184"}],"wp:term":[{"taxonomy":"category","embeddable":true,"href":"https:\/\/willizblog.de\/index.php?rest_route=%2Fwp%2Fv2%2Fcategories&post=184"},{"taxonomy":"post_tag","embeddable":true,"href":"https:\/\/willizblog.de\/index.php?rest_route=%2Fwp%2Fv2%2Ftags&post=184"}],"curies":[{"name":"wp","href":"https:\/\/api.w.org\/{rel}","templated":true}]}}