{"id":1851,"date":"2009-06-12T00:01:41","date_gmt":"2009-06-11T22:01:41","guid":{"rendered":"http:\/\/www.willizblog.de\/?p=1851"},"modified":"2009-06-10T09:29:49","modified_gmt":"2009-06-10T07:29:49","slug":"elbeleuchtturmtag-2009","status":"publish","type":"post","link":"https:\/\/willizblog.de\/?p=1851","title":{"rendered":"ElbeLeuchtturmTag 2009"},"content":{"rendered":"<p>Ich wei\u00df nicht, wie es denen geht, die nicht nahe der K\u00fcste leben. Aber f\u00fcr mich, der nun einmal in der <a href=\"https:\/\/de.wikipedia.org\/wiki\/Norddeutsches_Tiefland\" target=\"_blank\">norddeutschen Tiefebene<\/a> haust, haben Leuchtt\u00fcrme etwas Faszinierendes. So kommt ein Tag wie der am Sonntag, den 14. Juni, geradezu recht: <a href=\"http:\/\/www.elbe-leuchtturm-tag.de\/\" target=\"_blank\"><strong>Elbe-Leuchtturm-Tag<\/strong><\/a> von Hamburg bis zur Nordsee. An diesem Tag \u00f6ffnen in der Zeit von 10 bis 17 Uhr immerhin zehn dieser Leuchtt\u00fcrme f\u00fcr das interessierte Publikum ihre T\u00fcren.<\/p>\n<p><img src=\"https:\/\/www.willizblog.de\/blogpicts\/elbe_leuchtturm_tag_2009.jpg\" alt=\"Elbe-Leuchtturm-Tag 2009\" \/><\/p>\n<p>Was mich besonders erstaunt ist, dass insgesamt 56 Leuchtt\u00fcrme die Elbe allein zwischen Hamburg und Nordsee s\u00e4umen. Diese finden sich zwischen <a href=\"https:\/\/www.willizblog.de\/?p=1843\" target=\"_blank\">Neuwerk<\/a> in der Elbm\u00fcndung und Bunth\u00e4user Spitze an der Trennung zwischen Norder- und S\u00fcderelbe. Jedes hat seinen eigenen Takt, seine eigene unverwechselbare Farbkennung. 43 von ihnen sind noch aktiv und f\u00fcr den Schiffsverkehr unverzichtbar.<\/p>\n<p>Die Leuchtt\u00fcrme entlang der Elbe sind eindrucksvolle Belege der \u00fcber 100-j\u00e4hrigen Navigations- und Ingenieurskunst. Sie lassen sich vereinfacht in Leitfeuer und Richtfeuer unterscheiden. Die Leitfeuer lenken die Schiffe durch schwierige Gew\u00e4sser, indem sie z.B. durch verschiedenfarbige  Lichter sicheres und unsicheres Fahrwasser kennzeichnen. Ein Richtfeuer dagegen besteht aus zwei Leuchtt\u00fcrmen: dem h\u00f6heren Ober- und dem kleineren Unterfeuer. Zusammen kennzeichnen sie die Mitte des tiefen Fahrwassers. Sieht der Schiffsf\u00fchrer die Lichter in einer senkrechten Linie mit seinem Schiff, so befindet er sich auf der Richtfeuerlinie; sieht er die Lichter verschoben, muss er den Kurs korrigieren.<\/p>\n","protected":false},"excerpt":{"rendered":"<p>Ich wei\u00df nicht, wie es denen geht, die nicht nahe der K\u00fcste leben. Aber f\u00fcr mich, der nun einmal in der norddeutschen Tiefebene haust, haben Leuchtt\u00fcrme etwas Faszinierendes. So kommt ein Tag wie der am Sonntag, den 14. Juni, geradezu recht: Elbe-Leuchtturm-Tag von Hamburg bis zur Nordsee. An diesem Tag \u00f6ffnen in der Zeit von &hellip; <a href=\"https:\/\/willizblog.de\/?p=1851\" class=\"more-link\"><span class=\"screen-reader-text\">ElbeLeuchtturmTag 2009<\/span> weiterlesen <span class=\"meta-nav\">&rarr;<\/span><\/a><\/p>\n","protected":false},"author":1,"featured_media":0,"comment_status":"open","ping_status":"closed","sticky":false,"template":"","format":"standard","meta":[],"categories":[20],"tags":[],"_links":{"self":[{"href":"https:\/\/willizblog.de\/index.php?rest_route=\/wp\/v2\/posts\/1851"}],"collection":[{"href":"https:\/\/willizblog.de\/index.php?rest_route=\/wp\/v2\/posts"}],"about":[{"href":"https:\/\/willizblog.de\/index.php?rest_route=\/wp\/v2\/types\/post"}],"author":[{"embeddable":true,"href":"https:\/\/willizblog.de\/index.php?rest_route=\/wp\/v2\/users\/1"}],"replies":[{"embeddable":true,"href":"https:\/\/willizblog.de\/index.php?rest_route=%2Fwp%2Fv2%2Fcomments&post=1851"}],"version-history":[{"count":0,"href":"https:\/\/willizblog.de\/index.php?rest_route=\/wp\/v2\/posts\/1851\/revisions"}],"wp:attachment":[{"href":"https:\/\/willizblog.de\/index.php?rest_route=%2Fwp%2Fv2%2Fmedia&parent=1851"}],"wp:term":[{"taxonomy":"category","embeddable":true,"href":"https:\/\/willizblog.de\/index.php?rest_route=%2Fwp%2Fv2%2Fcategories&post=1851"},{"taxonomy":"post_tag","embeddable":true,"href":"https:\/\/willizblog.de\/index.php?rest_route=%2Fwp%2Fv2%2Ftags&post=1851"}],"curies":[{"name":"wp","href":"https:\/\/api.w.org\/{rel}","templated":true}]}}