{"id":187,"date":"2005-06-30T04:20:08","date_gmt":"2005-06-30T03:20:08","guid":{"rendered":"http:\/\/www.albinz.de\/blog\/?p=187"},"modified":"2006-04-29T18:25:21","modified_gmt":"2006-04-29T16:25:21","slug":"auf-dem-besten-wege","status":"publish","type":"post","link":"https:\/\/willizblog.de\/?p=187","title":{"rendered":"Auf dem besten Wege"},"content":{"rendered":"<p>1992 als K\u00f6nig Fahd-Pokal in Saudi-Arabien zum ersten Mal ausgespielt, l\u00e4ngst in <a href=\"http:\/\/fifaworldcup.yahoo.com\/06\/de\/c\/\" target=\"_blank\">Konf\u00f6derationspokal<\/a> umgetauft (Confederations-Cup ist schon sperrig genug, so kurz Confed-Cup oder gleich Mini-WM genannt), galt dieser Wettbewerb, der den amtierenden Fu\u00dfballweltmeister mit den jeweiligen Erdteilmeistern zusammenbringt, bisher eher als ungeliebt. So war Deutschlands bisher einzigste Teilnahme 1999 in Mexiko die v\u00f6llige Pleite, obwohl Teilnehmer wie Brasilien auf den Einsatz ihrer wichtigsten Spieler von vorherein verzichtete.<\/p>\n<p>Dieses Jahr zum 7. Mal ausgespielt wurde diese Mini-WM die Generalprobe sowohl f\u00fcr die deutsche Mannschaft als auch f\u00fcr die Organisatoren der WM 2006 in Deutschland.<\/p>\n<p>Okay, organisatorisch d\u00fcrfte noch nicht alles &#8218;rund gelaufen&#8216; sein. Man denke nur an die Flitzer, die w\u00e4hrend einiger Spiele werbewirksam aufs Spielfeld rannten. Sicherlich ein Problem, dem man mit den bestehenden Regeln kaum Herr werden d\u00fcrfte.<\/p>\n<p>Und spielerisch verpasste das deutsche Team zwar das Endspiel, bot aber einen Fu\u00dfball, wie man ihn zuletzt nur bei der letzten Weltmeisterschaft gesehen hatte. J\u00fcrgen Klinsmann hat den Generationswechsel gewagt und der Erfolg spricht f\u00fcr ihn. Einige der jungen Wilden sind manchmal etwas \u00fcbermotiviert (rote Karte f\u00fcr Hankes Ausraster gegen Mexiko, Huths &#8218;rustikales&#8216; Geschubse gegen Adriano, das zum Elfmeter f\u00fcr Brasilien f\u00fchrte). Das muss sich legen. Und es dauert manchmal auch etwas lange, bis man richtig ins Spiel kommt. Wenn es dann aber l\u00e4uft, dann ist kaum &#8218;ein Halten&#8216; mehr. Ein Manko auch: Erspielte F\u00dchrungen werden noch zu leichtsinnig wieder vergeben.<\/p>\n<ul><img src=\"https:\/\/www.willizblog.de\/albpics\/confed_2005.jpg\" alt=\"Schneider, Hanke, Ballack, Schweinsteiger und Hinkel\" \/><\/ul>\n<p>Insgesamt aber: Klinsmann und seine Jungs sind auf dem besten Wege, bei der WM 2006 mit den Spitzenmannschaften dieser Welt mitzuhalten.<\/p>\n","protected":false},"excerpt":{"rendered":"<p>1992 als K\u00f6nig Fahd-Pokal in Saudi-Arabien zum ersten Mal ausgespielt, l\u00e4ngst in Konf\u00f6derationspokal umgetauft (Confederations-Cup ist schon sperrig genug, so kurz Confed-Cup oder gleich Mini-WM genannt), galt dieser Wettbewerb, der den amtierenden Fu\u00dfballweltmeister mit den jeweiligen Erdteilmeistern zusammenbringt, bisher eher als ungeliebt. So war Deutschlands bisher einzigste Teilnahme 1999 in Mexiko die v\u00f6llige Pleite, obwohl &hellip; <a href=\"https:\/\/willizblog.de\/?p=187\" class=\"more-link\"><span class=\"screen-reader-text\">Auf dem besten Wege<\/span> weiterlesen <span class=\"meta-nav\">&rarr;<\/span><\/a><\/p>\n","protected":false},"author":1,"featured_media":0,"comment_status":"closed","ping_status":"closed","sticky":false,"template":"","format":"standard","meta":[],"categories":[39],"tags":[],"_links":{"self":[{"href":"https:\/\/willizblog.de\/index.php?rest_route=\/wp\/v2\/posts\/187"}],"collection":[{"href":"https:\/\/willizblog.de\/index.php?rest_route=\/wp\/v2\/posts"}],"about":[{"href":"https:\/\/willizblog.de\/index.php?rest_route=\/wp\/v2\/types\/post"}],"author":[{"embeddable":true,"href":"https:\/\/willizblog.de\/index.php?rest_route=\/wp\/v2\/users\/1"}],"replies":[{"embeddable":true,"href":"https:\/\/willizblog.de\/index.php?rest_route=%2Fwp%2Fv2%2Fcomments&post=187"}],"version-history":[{"count":0,"href":"https:\/\/willizblog.de\/index.php?rest_route=\/wp\/v2\/posts\/187\/revisions"}],"wp:attachment":[{"href":"https:\/\/willizblog.de\/index.php?rest_route=%2Fwp%2Fv2%2Fmedia&parent=187"}],"wp:term":[{"taxonomy":"category","embeddable":true,"href":"https:\/\/willizblog.de\/index.php?rest_route=%2Fwp%2Fv2%2Fcategories&post=187"},{"taxonomy":"post_tag","embeddable":true,"href":"https:\/\/willizblog.de\/index.php?rest_route=%2Fwp%2Fv2%2Ftags&post=187"}],"curies":[{"name":"wp","href":"https:\/\/api.w.org\/{rel}","templated":true}]}}