{"id":1878,"date":"2009-06-19T00:01:11","date_gmt":"2009-06-18T22:01:11","guid":{"rendered":"http:\/\/www.willizblog.de\/?p=1878"},"modified":"2009-06-18T08:39:27","modified_gmt":"2009-06-18T06:39:27","slug":"resolution-gegen-extremismus-und-gewalt-in-tostedt","status":"publish","type":"post","link":"https:\/\/willizblog.de\/?p=1878","title":{"rendered":"Resolution gegen Extremismus und Gewalt in Tostedt"},"content":{"rendered":"<p>Die <a href=\"https:\/\/www.willizblog.de\/?p=1711\" target=\"_blank\">Initiative Jugendlicher<\/a>, die sich in einem Offenen Brief an die Jugendausschuss-Vorsitzende des Samtgemeinderates Tostedt gewandt hatte, tr\u00e4gt Fr\u00fcchte. In diesem Schreiben werden die Politiker aufgefordert, \u201e\u00f6ffentlich Stellung gegen einen Naziladen (im Ortsteil Todtgl\u00fcsingen) und die verst\u00e4rkten rechtsextremen Strukturen in Tostedt\u201c zu beziehen.<\/p>\n<p>Zun\u00e4chst war der B\u00fcrgermeister bem\u00fcht, das <a href=\"https:\/\/www.willizblog.de\/?p=1731\" target=\"_blank\">Problem herunterzuspielen<\/a> und lediglich um das Ansehen des Ortes in der \u00f6ffentlichen Meinung besorgt. Nachdem sowohl die <a href=\"https:\/\/www.willizblog.de\/?p=1749\" target=\"_blank\">katholische als auch die evangelische Kirche<\/a> Flagge gegen rechtsextremistische Umtriebe zeigten und die Jugend-Initiative in Tostedt ausdr\u00fccklich unterst\u00fctzten, kommt jetzt endlich auch vom Samtgemeinderat ein positives Signal.<\/p>\n<p>Der <a href=\"http:\/\/www.tostedt.de\/internet\/page.php?site=14&#038;&#038;id=12000519\" target=\"_blank\">Rat der Samtgemeinde Tostedt<\/a> hat in seiner Sitzung am 09. Juni 2009, im vollbesetzten Saal des Gasthauses Wiechern einstimmig die <a href=\"http:\/\/www.tostedt.de\/inhalt\/datei.php?id=MTIwMDE1NjI7LTsvdXNyL2xvY2FsL2V0Yy9odHRwZC92aHRkb2NzL2Ntcy90b3N0ZWR0L21lZGllbi9pbnRlcm4vdG9zdGVkdGVyX3Jlc29sdXRpb24ucGRm\" target=\"_blank\">Tostedter Resolution gegen Extremismus<\/a> und Gewalt verabschiedet. Die Ratsmitglieder stimmten namentlich \u00fcber die Resolution ab und bekannten sich damit gegen Extremismus und Gewalt einzustehen.<\/p>\n<p><em>&#8222;Wir wehren uns gegen alle Versuche rechts- und linksextremer, rassistischer und fremdenfeindlicher Gruppen, das Bewusstsein insbesondere unserer jugendlichen B\u00fcrgerinnen und B\u00fcrger in ihrem Sinne zu beeinflussen&#8220;, hei\u00dft es in der Resolution. Aggressive Aktivit\u00e4ten gegen Andersdenkende und Minderheiten, unverbl\u00fcmte und ausgrenzende Meinungsmache sei immer h\u00e4ufiger in Tostedt festzustellen.<\/em><\/p>\n<p><em>Um dem entgegenzutreten, seien langfristige und \u00fcbergreifende Pr\u00e4ventionsstrategien erforderlich, hei\u00dft es weiter in dem Papier. Es gelte weitere Aktivit\u00e4ten zu entwickeln, die eine vielf\u00e4ltige, demokratische Zivilgesellschaft st\u00e4rken.<\/em><\/p>\n<p><em>Als beispielhaft nannten die Kommunalpolitiker &#8222;Faustlos-Programme&#8220; f\u00fcr Kinderg\u00e4rten und Grundschulen, Anti-Gewalt-, Streitschlichter und Integrationsprojekte, sowie Argumentationstraining gegen Stammtischparolen und extremistische Spr\u00fcche.<\/em><\/p>\n<p><em>In diesem Sinne w\u00fcrden das <a href=\"https:\/\/www.albinz.net\/tostedt\/zivil.html\" target=\"_blank\">Forum f\u00fcr Zivilcourage<\/a> und der <a href=\"http:\/\/www.todtgluesinger-sv.de\/index.php?sub=integration\" target=\"_blank\">Todtgl\u00fcsinger Sportverein mit seinem Integrationsprojekt<\/a> bereits eine hervorragende Arbeit leisten. Dieses ehrenamtliche Engagement werde vom Samtgemeinderat weiterhin ebenso unterst\u00fctzt wie neue Projekte gegen Gewalt und Extremismus.<\/em><\/p>\n<p><img src=\"https:\/\/www.albinz.net\/tostedt\/images\/zivil.gif\" alt=\"Forum f\u00fcr Zivilcourage, Tostedt\" \/><\/p>\n<p><em>Ausdr\u00fccklich werden in der Resolution B\u00fcrger gelobt, die gegen extremistisches Gedankengut eintreten und sich dadurch nicht einsch\u00fcchtern lassen. Das Parlament ruft daher alle Einwohner, \u00f6ffentliche Einrichtungen, Vereine und Verb\u00e4nde auf, sich aktiv f\u00fcr eine soziale, friedliche und tolerante Samtgemeinde einzusetzen. Die Verwaltung wurde au\u00dferdem gebeten, dem Rat einmal im Jahr einen Bericht zum Stand der Ma\u00dfnahmen gegen extremistische Aktivit\u00e4ten vor Ort zu pr\u00e4sentieren.<\/em><\/p>\n<p><em>&#8222;Mit dieser Resolution allein ist es nicht getan&#8220;, sagte SPD-Fraktionschef Reinhard Riepshoff. Er betonte: &#8222;wir zeigen den Einwohnern damit aber, dass sie mit ihren \u00c4ngsten nicht alleine sind!&#8220;<\/em><\/p>\n<p>siehe auch <a href=\"http:\/\/www.han-online.de\/HANArticlePool\/00000121cb54aa850057006a000a00524b468022\" target=\"_blank\">www.han-online.de<\/a><\/p>\n","protected":false},"excerpt":{"rendered":"<p>Die Initiative Jugendlicher, die sich in einem Offenen Brief an die Jugendausschuss-Vorsitzende des Samtgemeinderates Tostedt gewandt hatte, tr\u00e4gt Fr\u00fcchte. In diesem Schreiben werden die Politiker aufgefordert, \u201e\u00f6ffentlich Stellung gegen einen Naziladen (im Ortsteil Todtgl\u00fcsingen) und die verst\u00e4rkten rechtsextremen Strukturen in Tostedt\u201c zu beziehen. Zun\u00e4chst war der B\u00fcrgermeister bem\u00fcht, das Problem herunterzuspielen und lediglich um das &hellip; <a href=\"https:\/\/willizblog.de\/?p=1878\" class=\"more-link\"><span class=\"screen-reader-text\">Resolution gegen Extremismus und Gewalt in Tostedt<\/span> weiterlesen <span class=\"meta-nav\">&rarr;<\/span><\/a><\/p>\n","protected":false},"author":1,"featured_media":0,"comment_status":"open","ping_status":"closed","sticky":false,"template":"","format":"standard","meta":[],"categories":[11,2],"tags":[],"_links":{"self":[{"href":"https:\/\/willizblog.de\/index.php?rest_route=\/wp\/v2\/posts\/1878"}],"collection":[{"href":"https:\/\/willizblog.de\/index.php?rest_route=\/wp\/v2\/posts"}],"about":[{"href":"https:\/\/willizblog.de\/index.php?rest_route=\/wp\/v2\/types\/post"}],"author":[{"embeddable":true,"href":"https:\/\/willizblog.de\/index.php?rest_route=\/wp\/v2\/users\/1"}],"replies":[{"embeddable":true,"href":"https:\/\/willizblog.de\/index.php?rest_route=%2Fwp%2Fv2%2Fcomments&post=1878"}],"version-history":[{"count":0,"href":"https:\/\/willizblog.de\/index.php?rest_route=\/wp\/v2\/posts\/1878\/revisions"}],"wp:attachment":[{"href":"https:\/\/willizblog.de\/index.php?rest_route=%2Fwp%2Fv2%2Fmedia&parent=1878"}],"wp:term":[{"taxonomy":"category","embeddable":true,"href":"https:\/\/willizblog.de\/index.php?rest_route=%2Fwp%2Fv2%2Fcategories&post=1878"},{"taxonomy":"post_tag","embeddable":true,"href":"https:\/\/willizblog.de\/index.php?rest_route=%2Fwp%2Fv2%2Ftags&post=1878"}],"curies":[{"name":"wp","href":"https:\/\/api.w.org\/{rel}","templated":true}]}}