{"id":190,"date":"2005-07-03T09:56:08","date_gmt":"2005-07-03T08:56:08","guid":{"rendered":"http:\/\/www.albinz.de\/blog\/?p=190"},"modified":"2005-10-20T09:26:48","modified_gmt":"2005-10-20T07:26:48","slug":"tour-der-france-2005-prolog","status":"publish","type":"post","link":"https:\/\/willizblog.de\/?p=190","title":{"rendered":"Tour der France 2005: Prolog"},"content":{"rendered":"<p>Sollte das zu Beginn der <a href=\"http:\/\/www.letour.fr\/2005\/TDF\/LIVE\/de\/200\/index.html\" target=\"_blank\"><em>Tour der Leiden<\/em><\/a> auch schon das Ende f\u00fcr Jan Ullrich sein? Bereits beim Prolog zur Tour de France, einem Einzelzeitfahren \u00fcber 19 km, nahm der bisher sechs-fache Gewinner dieses gr\u00f6\u00dften Radrennens der Welt, der Amerikaner Lance Armstrong, dem Deutschen 1 Minute und 6 Sekunden ab und wurde Zweiter hinter seinem Landsmann David Zabriskie, der weitere 2 Sekunden schneller als Jan Ullrich war. Es kam dabei einer Dem\u00fctigung gleich, als Armstrong, der nach Ullrich gestartet war, diesen kurz vor Ende des Rennens nicht nur einholte, sondern auch noch an ihm vorbeizog.<\/p>\n<p>Ich f\u00fcrchte, dass Lance Armstrong lockerer denn je auch diese Tour wieder gewinnen und im gelben Trikot bei der Ankunft in Paris seine Karriere beenden wird. Jan Ullrich f\u00e4hrt wieder einmal nur hinterher.<\/p>\n<p>Die Tour im <a href=\"http:\/\/www.zdf.de\/ZDFde\/inhalt\/31\/0,1872,2241631_1110000_TB,00.html\" target=\"_blank\">ZDF<\/a><br \/>\nDie Tour bei der <a href=\"http:\/\/tour.ard.de\/tour\/tdf\/\" target=\"_blank\">ARD<\/a><\/p>\n","protected":false},"excerpt":{"rendered":"<p>Sollte das zu Beginn der Tour der Leiden auch schon das Ende f\u00fcr Jan Ullrich sein? Bereits beim Prolog zur Tour de France, einem Einzelzeitfahren \u00fcber 19 km, nahm der bisher sechs-fache Gewinner dieses gr\u00f6\u00dften Radrennens der Welt, der Amerikaner Lance Armstrong, dem Deutschen 1 Minute und 6 Sekunden ab und wurde Zweiter hinter seinem &hellip; <a href=\"https:\/\/willizblog.de\/?p=190\" class=\"more-link\"><span class=\"screen-reader-text\">Tour der France 2005: Prolog<\/span> weiterlesen <span class=\"meta-nav\">&rarr;<\/span><\/a><\/p>\n","protected":false},"author":1,"featured_media":0,"comment_status":"closed","ping_status":"closed","sticky":false,"template":"","format":"standard","meta":[],"categories":[4],"tags":[],"_links":{"self":[{"href":"https:\/\/willizblog.de\/index.php?rest_route=\/wp\/v2\/posts\/190"}],"collection":[{"href":"https:\/\/willizblog.de\/index.php?rest_route=\/wp\/v2\/posts"}],"about":[{"href":"https:\/\/willizblog.de\/index.php?rest_route=\/wp\/v2\/types\/post"}],"author":[{"embeddable":true,"href":"https:\/\/willizblog.de\/index.php?rest_route=\/wp\/v2\/users\/1"}],"replies":[{"embeddable":true,"href":"https:\/\/willizblog.de\/index.php?rest_route=%2Fwp%2Fv2%2Fcomments&post=190"}],"version-history":[{"count":0,"href":"https:\/\/willizblog.de\/index.php?rest_route=\/wp\/v2\/posts\/190\/revisions"}],"wp:attachment":[{"href":"https:\/\/willizblog.de\/index.php?rest_route=%2Fwp%2Fv2%2Fmedia&parent=190"}],"wp:term":[{"taxonomy":"category","embeddable":true,"href":"https:\/\/willizblog.de\/index.php?rest_route=%2Fwp%2Fv2%2Fcategories&post=190"},{"taxonomy":"post_tag","embeddable":true,"href":"https:\/\/willizblog.de\/index.php?rest_route=%2Fwp%2Fv2%2Ftags&post=190"}],"curies":[{"name":"wp","href":"https:\/\/api.w.org\/{rel}","templated":true}]}}