{"id":1932,"date":"2009-06-30T15:02:43","date_gmt":"2009-06-30T13:02:43","guid":{"rendered":"http:\/\/www.willizblog.de\/?p=1932"},"modified":"2009-06-30T15:13:46","modified_gmt":"2009-06-30T13:13:46","slug":"mit-multikulti-zur-europameisterschaft","status":"publish","type":"post","link":"https:\/\/willizblog.de\/?p=1932","title":{"rendered":"Mit Multikulti zur Europameisterschaft"},"content":{"rendered":"<p>F\u00fcr den unerm\u00fcdlichen Fu\u00dfballfan gab es in den letzten Tagen ja noch einmal Fu\u00dfball satt im Fernsehen. Zun\u00e4chst gab es die Mini-WM, den <a href=\"http:\/\/fussball.zdf.de\/ZDFsport\/inhalt\/6\/0,5676,7599782,00.html\" target=\"_blank\">Confed Cup in S\u00fcdafrika<\/a> \u2013 gewisserma\u00dfen auch als Test f\u00fcr die im n\u00e4chsten Jahr dort stattfindende Weltmeisterschaft. Nachdem die USA \u00fcberraschend Spanien im Halbfinale ausschalten konnte (das Spiel erinnerte mich an viele Werder-Spiele in dieser Saison: wie Werder war Spanien zwar \u00fcberlegen, konnte aber die Torchancen nicht in Tore umm\u00fcnzen \u2013 und verlor so am Ende), gingen die Amerikaner auch gegen Brasilien im Endspiel 2:0 in F\u00fchrung. Am Ende konnten die Brasilianer aber in einer Aufholjagd mit 3:2 siegen und den Cup-Gewinn von vor vier Jahren wiederholen.<\/p>\n<p>Nachdem die Spanier in der Gruppenphase an ihre Erfolgsserie bei der Europameisterschaft 2008 und Qualifikation zur WM 2010 ankn\u00fcpfen konnte, fanden sie im Halbfinale gegen die USA nach 15 Siegen in Folge wieder ihren Meister. L\u00e4sst man den Spaniern m\u00f6glichst wenig Raum zum Entfalten ihrer Kombinationsspiels, dann geht auch ihnen schnell die Puste aus.<\/p>\n<p>Die \u00dcberraschungsmannschaft war ohne Zweifel die USA, die auch gegen Brasilien lange Zeit mithalten konnte. Man darf gespannt sein, wie es im n\u00e4chsten Jahr weitergeht. Die Brasilianer haben sich wieder in die Favoritenrolle gehievt. Spanien ist daf\u00fcr wieder auf dem Boden der Tatsachen zur\u00fcckgekehrt.<\/p>\n<p>Neben dem Confed-Cup spielten fast zeitgleich die U21-Nationalmannschaften in Schweden um den Europameistertitel. Nachdem bereits im letzten Sommer die <a href=\"http:\/\/www.dfb.de\/index.php?id=39\" target=\"_blank\">deutsche U19-Mannschaft<\/a> Europasieger mit einem 3:1-Sieg gegen Italien in Tschechien wurden (Trainer war \u00fcbrigens Horst Hrubesch) und im Mai diesen Jahres das deutsche Team als Gastgeber die <a href=\"http:\/\/www.dfb.de\/index.php?id=13078\" target=\"_blank\">U 17-EM<\/a> in Sachsen, Sachsen-Anhalt und Th\u00fcringen gewann (im Finale in Magdeburg setzte sich das Team von DFB-Trainer Marco Pezzaiuoli gegen die Niederlande 2:1 (1:1) nach Verl\u00e4ngerung durch), hat es jetzt die <a href=\"http:\/\/www.dfb.de\/index.php?id=34\" target=\"_blank\">deutsche U21-Mannschaft<\/a> geschafft und mit einem 4:0-Sieg gegen England zum ersten Mal auch diesen Europameistertitel gewonnen. Trainer des Erfolgteams: <a href=\"https:\/\/de.wikipedia.org\/wiki\/Horst_Hrubesch\" target=\"_blank\">Horst Hrubesch<\/a>.<\/p>\n<p>Bilderserie bei zdf.de: <a href=\"http:\/\/www.zdf.de\/ZDFmediathek\/content\/785162?inPopup=true\" target=\"_blank\">Die deutsche U21-Auswahl<\/a><\/p>\n<p>Wenn man die Namen einzelner Spieler liest, dann wird einem schnell klar, dass hier Multikulti am Werk ist: Gonzalo Castro ist spanischer Abstammung, <a href=\"https:\/\/www.willizblog.de\/?p=1446\" target=\"_blank\">Mesut \u00d6zil<\/a> ist Deutsch-T\u00fcrke, Dennis Aogo hat einen nigerianischen Vater und Jerome Boateng  einen ghanaischen; \u00c4nis Ben-Hatira ist tunesischer Abstammung, Fabian Johnsons Vater ist US-Amerikaner, Sami Khedira hat einen tunesischen Vater und Ashkan Dejagah ist iranischer Abstammung. Deutsche Namen besagen zudem nicht, dass die Spieler mit diesen Namen auch in Deutschland geboren wurden: Andreas Beck wurde in Kemerowo, im Westen Sibiriens geboren, Marko Marin in Bosanska Gradi\u0161ka, Bosnien und Herzegowina &#8211; und Sebastian Boenisch in Gliwice, Polen.<\/p>\n<p><img src=\"https:\/\/www.willizblog.de\/blogpicts\/euro_2009_u21_oezil.jpg\" alt=\"U21-Europameister 2009: H\u00f6wedes, \u00d6zil und Boenisch\" \/><\/p>\n<p>Also viele Spieler der U21-Mannschaft haben einen <a href=\"https:\/\/de.wikipedia.org\/wiki\/Migration_(Soziologie)\" target=\"_blank\">Migrationshintergrund<\/a> oder sind <a href=\"https:\/\/de.wikipedia.org\/wiki\/Sp%C3%A4taussiedler\" target=\"_blank\">Sp\u00e4taussiedler<\/a>. Und der Erfolg der gesamten Mannschaft zeigt, dass gerade Fu\u00dfball einen guten Beitrag zur Integration leisten kann. Unabh\u00e4ngig von ihrer Herkunft sind die Spieler zu einem hervorragendem Team zusammengewachsen \u2013 und mich als Werder-Fan erfreut es nat\u00fcrlich am meisten, dass Mesut \u00d6zil, Thronfolger von Diego beim SV Werder Bremen, besonders im Endspiel seine ganze Klasse zeigen konnte.<\/p>\n<p>siehe Videos bei zdf.de: <a href=\"http:\/\/www.zdf.de\/ZDFmediathek\/content\/779502?inPopup=true\" target=\"_blank\">Multikulti zum Sieg<\/a> &#8212; <a href=\"http:\/\/www.zdf.de\/ZDFmediathek\/content\/776808?inPopup=true\" target=\"_blank\">B\u00e4renstarker \u00d6zil<\/a> &#8212; <a href=\"http:\/\/www.zdf.de\/ZDFmediathek\/content\/786556?inPopup=true\" target=\"_blank\">Superabend f\u00fcr Super-\u00d6zil<\/a><\/p>\n<p><strong>Video:<\/strong> <a href=\"http:\/\/www.zdf.de\/ZDFmediathek\/content\/786372?inPopup=true\" target=\"_blank\">Das Endspiel der U21 Deutschland \u2013 England in voller L\u00e4nge<\/a><\/p>\n","protected":false},"excerpt":{"rendered":"<p>F\u00fcr den unerm\u00fcdlichen Fu\u00dfballfan gab es in den letzten Tagen ja noch einmal Fu\u00dfball satt im Fernsehen. Zun\u00e4chst gab es die Mini-WM, den Confed Cup in S\u00fcdafrika \u2013 gewisserma\u00dfen auch als Test f\u00fcr die im n\u00e4chsten Jahr dort stattfindende Weltmeisterschaft. Nachdem die USA \u00fcberraschend Spanien im Halbfinale ausschalten konnte (das Spiel erinnerte mich an viele &hellip; <a href=\"https:\/\/willizblog.de\/?p=1932\" class=\"more-link\"><span class=\"screen-reader-text\">Mit Multikulti zur Europameisterschaft<\/span> weiterlesen <span class=\"meta-nav\">&rarr;<\/span><\/a><\/p>\n","protected":false},"author":1,"featured_media":0,"comment_status":"open","ping_status":"closed","sticky":false,"template":"","format":"standard","meta":[],"categories":[39,27],"tags":[],"_links":{"self":[{"href":"https:\/\/willizblog.de\/index.php?rest_route=\/wp\/v2\/posts\/1932"}],"collection":[{"href":"https:\/\/willizblog.de\/index.php?rest_route=\/wp\/v2\/posts"}],"about":[{"href":"https:\/\/willizblog.de\/index.php?rest_route=\/wp\/v2\/types\/post"}],"author":[{"embeddable":true,"href":"https:\/\/willizblog.de\/index.php?rest_route=\/wp\/v2\/users\/1"}],"replies":[{"embeddable":true,"href":"https:\/\/willizblog.de\/index.php?rest_route=%2Fwp%2Fv2%2Fcomments&post=1932"}],"version-history":[{"count":0,"href":"https:\/\/willizblog.de\/index.php?rest_route=\/wp\/v2\/posts\/1932\/revisions"}],"wp:attachment":[{"href":"https:\/\/willizblog.de\/index.php?rest_route=%2Fwp%2Fv2%2Fmedia&parent=1932"}],"wp:term":[{"taxonomy":"category","embeddable":true,"href":"https:\/\/willizblog.de\/index.php?rest_route=%2Fwp%2Fv2%2Fcategories&post=1932"},{"taxonomy":"post_tag","embeddable":true,"href":"https:\/\/willizblog.de\/index.php?rest_route=%2Fwp%2Fv2%2Ftags&post=1932"}],"curies":[{"name":"wp","href":"https:\/\/api.w.org\/{rel}","templated":true}]}}