{"id":1940,"date":"2009-07-04T12:57:16","date_gmt":"2009-07-04T10:57:16","guid":{"rendered":"http:\/\/www.willizblog.de\/?p=1940"},"modified":"2009-10-27T09:54:42","modified_gmt":"2009-10-27T07:54:42","slug":"thomas-mann-bekenntnisse-des-hochstaplers-felix-krull","status":"publish","type":"post","link":"https:\/\/willizblog.de\/?p=1940","title":{"rendered":"Thomas Mann: Bekenntnisse des Hochstaplers Felix Krull"},"content":{"rendered":"<p>Vor gut vier Jahren hatte ich die \u201eBekenntnisse des Hochstaplers Felix Krull\u201c von Thomas Mann erneut gelesen und mich dabei u.a. \u00fcber die <a href=\"https:\/\/www.willizblog.de\/?p=128\" target=\"_blank\">Bez\u00fcge des Romans zur Homosexualit\u00e4t<\/a> ausgelassen. Da dieser Tage der Film im Fernsehen zu sehen war und ich ihn aufgezeichnet habe, griff ich erneut, zum dritten Male, zum Buch.<\/p>\n<p>Der Roman &#8222;Bekenntnisse des Hochstaplers Felix Krull&#8220; war der letzte aus der Feder von Thomas Mann und erschien 1954, ein Jahr vor Manns Tod. So gibt es auch nur &#8222;Der Memoiren erster Teil&#8220;. Leser, die Thomas Mann nicht kennen, werden sich zun\u00e4chst eher schwer tun. Die Sprache Thomas Manns ist reichlich aufgeblasen, zu schwulstig-pomp\u00f6s und manieriert, als dass sie auf Dauer gefallen k\u00f6nnte. Sicherlich ist das in diesem Roman ein Stilmittel, denn Felix Krull entbl\u00f6\u00dft sich auch in seinem schriftlichen Zeugnis als Hochstapler.<\/p>\n<p>Insgesamt finde ich den Roman doch sehr aufschlussreich, da er uns einen Einblick in die alte Kaiserzeit am Ende des 19. Jahrhundert gew\u00e4hrt, denn um diese Zeit spielt der \u201aKrull\u2019. Besonders die Ignoranz des Adels, der h\u00f6heren Gesellschaft gegen\u00fcber dem B\u00fcrgertum und der Arbeiterschaft tritt hier deutlich zu Tage. <\/p>\n<p>1957 wurde der Roman mit Horst Buchholz in der Titelrolle verfilmt. Regie: Kurt Hoffmann. Aus diesem Film m\u00f6chte ich die Szene von der Gestellung, d.h. Musterung, des Felix Krull vorstellen. Zur Nachahmung in heutigen Tagen ist dies sicherlich nicht mehr unbedingt zu empfehlen, aber auf jeden Fall ist die Szene sehr am\u00fcsant (aus 2. Buch &#8211; 5. Kapitel des Romans):<\/p>\n<p><object width=\"560\" height=\"340\"><param name=\"movie\" value=\"https:\/\/www.youtube.com\/v\/U_yzfbUGTvk&#038;hl=de&#038;fs=1&#038;\"><\/param><param name=\"allowFullScreen\" value=\"true\"><\/param><param name=\"allowscriptaccess\" value=\"always\"><\/param><embed src=\"https:\/\/www.youtube.com\/v\/U_yzfbUGTvk&#038;hl=de&#038;fs=1&#038;\" type=\"application\/x-shockwave-flash\" allowscriptaccess=\"always\" allowfullscreen=\"true\" width=\"560\" height=\"340\"><\/embed><\/object><br \/>\nFelix Krull (1957): Gestellung\/Musterung<\/p>\n<p>F\u00fcr Kandidaten auf den Dienst mit der Waffe empfehle ich daher eher Sven Regeners zweiten Roman \u201eNeue Vahr S\u00fcd\u201c aus der \u201eLehmann\u201c-Trilogie. Interessant sind da besonders die Anmerkungen zum \u201epazifistischen Dilemma\u201c, wie es einer der Protagonisten des Romans nennt (<a href=\"https:\/\/www.willizblog.de\/?p=1171\" target=\"_blank\">Herr Lehmann und die Bundeswehr<\/a>).<\/p>\n","protected":false},"excerpt":{"rendered":"<p>Vor gut vier Jahren hatte ich die \u201eBekenntnisse des Hochstaplers Felix Krull\u201c von Thomas Mann erneut gelesen und mich dabei u.a. \u00fcber die Bez\u00fcge des Romans zur Homosexualit\u00e4t ausgelassen. Da dieser Tage der Film im Fernsehen zu sehen war und ich ihn aufgezeichnet habe, griff ich erneut, zum dritten Male, zum Buch. Der Roman &#8222;Bekenntnisse &hellip; <a href=\"https:\/\/willizblog.de\/?p=1940\" class=\"more-link\"><span class=\"screen-reader-text\">Thomas Mann: Bekenntnisse des Hochstaplers Felix Krull<\/span> weiterlesen <span class=\"meta-nav\">&rarr;<\/span><\/a><\/p>\n","protected":false},"author":1,"featured_media":0,"comment_status":"open","ping_status":"closed","sticky":false,"template":"","format":"standard","meta":[],"categories":[13,14],"tags":[],"_links":{"self":[{"href":"https:\/\/willizblog.de\/index.php?rest_route=\/wp\/v2\/posts\/1940"}],"collection":[{"href":"https:\/\/willizblog.de\/index.php?rest_route=\/wp\/v2\/posts"}],"about":[{"href":"https:\/\/willizblog.de\/index.php?rest_route=\/wp\/v2\/types\/post"}],"author":[{"embeddable":true,"href":"https:\/\/willizblog.de\/index.php?rest_route=\/wp\/v2\/users\/1"}],"replies":[{"embeddable":true,"href":"https:\/\/willizblog.de\/index.php?rest_route=%2Fwp%2Fv2%2Fcomments&post=1940"}],"version-history":[{"count":0,"href":"https:\/\/willizblog.de\/index.php?rest_route=\/wp\/v2\/posts\/1940\/revisions"}],"wp:attachment":[{"href":"https:\/\/willizblog.de\/index.php?rest_route=%2Fwp%2Fv2%2Fmedia&parent=1940"}],"wp:term":[{"taxonomy":"category","embeddable":true,"href":"https:\/\/willizblog.de\/index.php?rest_route=%2Fwp%2Fv2%2Fcategories&post=1940"},{"taxonomy":"post_tag","embeddable":true,"href":"https:\/\/willizblog.de\/index.php?rest_route=%2Fwp%2Fv2%2Ftags&post=1940"}],"curies":[{"name":"wp","href":"https:\/\/api.w.org\/{rel}","templated":true}]}}