{"id":1946,"date":"2009-07-06T11:34:32","date_gmt":"2009-07-06T09:34:32","guid":{"rendered":"http:\/\/www.willizblog.de\/?p=1946"},"modified":"2009-07-07T08:30:39","modified_gmt":"2009-07-07T06:30:39","slug":"saisonvorbereitungen-auf-der-insel","status":"publish","type":"post","link":"https:\/\/willizblog.de\/?p=1946","title":{"rendered":"Saisonvorbereitungen auf der Insel"},"content":{"rendered":"<p>Die Vorbereitungen auf die neue Fu\u00dfball-Saison 2009\/2010 sind bei Werder Bremen bereits im vollen Gange. Wie in den letzten Jahren so trainiert die Mannschaft wieder auf der <a href=\"http:\/\/www.werder.de\/aktuelles\/news\/meldung.php\/16003\/Ein-Bad-in-der-Nordsee-und-viel-harte-Arbeit\" target=\"_blank\">Nordsee-Insel Norderney<\/a>.<\/p>\n<p>Man darf gespannt sein, wie die Bremer den <a href=\"http:\/\/www.werder.de\/team\/zu_abgaenge.php\" target=\"_blank\">Abgang von Diego<\/a> verkraften werden. Mesut \u00d6zil soll in seine Fu\u00dfstapfen treten und das offensive Mittelspiel dirigieren. An seiner Seite steht Marko Marin bereit, der f\u00fcr 8,2 Millionen Euro von Borussia M\u00f6nchengladbach an die Weser wechselte. Viel Geld f\u00fcr einen noch so jungen Mann. F\u00fcr den Sturm hat man sich den auch noch jungen Bolivianer Marcelo Moreno Martins von Schachtar Donezk ausgeliehen. Er soll wahrscheinlich <a href=\"http:\/\/www.transfermarkt.de\/de\/forum\/154\/geruechtekueche\/thread\/584296\/anzeige.html&#038;p=29\" target=\"_blank\">Claudio Pizarro<\/a> ersetzen, der zum FC Chelsea nach London.zur\u00fcckkehrt. Allerdings k\u00f6nnte es doch noch sein, dass man Pizarro halten wird. Man \u201abem\u00fcht\u2019 sich weiter intensiv um ihn.<\/p>\n<p><img src=\"https:\/\/www.willizblog.de\/blogpicts\/werder_bremen_trikot_2009_10.jpg\" alt=\"Werders 'neue' Kleider: Trikots 2009\/2010\" \/><\/p>\n<p>Die Ger\u00fcchtek\u00fcche brodelt weiterhin auf h\u00f6chster Kochstufe. So m\u00f6chte <a href=\"http:\/\/www.transfermarkt.de\/de\/forum\/154\/geruechtekueche\/thread\/831155\/anzeige.html&#038;p=33\" target=\"_blank\">Tim Borowski<\/a> offensichtlich gern zur\u00fcck zu Werder, da die Bayern kein Interesse mehr an ihm zeigen. Das sollte dann aber abl\u00f6sefrei \u00fcber die B\u00fchne gehen, denn die Bremer werden wohl kaum f\u00fcr einen Spieler Geld auf den Tisch legen, den sie kostenfrei hergegeben hatten. Sollte sich das Ger\u00fccht bewahrheiten, dass der Brasilianer <a href=\"http:\/\/www.transfermarkt.de\/de\/forum\/154\/geruechtekueche\/thread\/861334\/anzeige.html&#038;p=3\" target=\"_blank\">Ibson vom FC Porto<\/a> nach Bremen wechselt, dann w\u00fcrde es mit Borowski aber kaum etwas werden. So viele Mittelfeldspieler braucht man an der Weser nun wieder nicht (obwohl ein defensiver Mann als Ersatz f\u00fcr <a href=\"https:\/\/www.willizblog.de\/?p=1816\" target=\"_blank\">Frank Baumann<\/a> sicherlich nicht schaden w\u00fcrde). Ach, ja: Carlos Alberto soll sich ja auch wieder an der Weser einfinden.<\/p>\n<p>Werder Bremen setzt also weiterhin auf Jugend, wenn es um neue Spieler geht. So wechseln immerhin drei Spieler aus den eigenen Jugend in das Profi-Kader. Sicherlich l\u00e4sst sich ein Mann wie Diego nicht von heute auf morgen ersetzen. Aber ich denke, Thomas Schaaf (Trainer) und Klaus Allofs (Gesch\u00e4ftsf\u00fchrer) tun gut daran, die bisherige Strategie fortzusetzen. Ich glaube, dass der SV Werder Bremen wieder ein gutes Team zusammenbekommt, das auch in der Bundesliga wieder weit vorn mitspielen wird.<\/p>\n<p>Und wie sieht es bei den anderen Vereinen aus?<\/p>\n<p>Bei den Bayern in M\u00fcnchen hat man die Abg\u00e4nge von Lukas Podolski (zur\u00fcck zum 1. FC K\u00f6ln), Mats Hummels (frisch gebackener U21-Europameister zu Borussia Dortmund), und Ze Roberto (zum HSV) in einem erneuten Kaufrausch mit Spielern wie Mario Gomez (f\u00fcr 30 Millionen Euro der teuerste Transfer eines deutschen Spielers \u2013 zu viel nach meinem Geschmack), Anatoly Tymoshchuk, Edson Braafheid und Danijel Pranjic kompensiert. Mit diesen Verst\u00e4rkungen und dem neuen Trainer Louis van Gaal d\u00fcrfte die Erwartungshaltung noch gr\u00f6\u00dfer sein als vor einem Jahr, als J\u00fcrgen Klinsmann die Mannschaft \u00fcbernahm (und dann kl\u00e4glich scheiterte). Bleibt nur die Frage, was aus Franck Ribery wird. Geht er oder geht er nicht zu real Madrid? Im Augenblick sieht es so aus, als bliebe er den Bayern noch eine Saison erhalten.<\/p>\n<p>Den spektakul\u00e4rsten Trainerwechsel gab es wohl mit Felix \u201eQu\u00e4lix\u201c Magath von den W\u00f6lfen zum FC Schlacke, sorry: Schalke 04. Und dort r\u00e4umte der \u201agute\u2019 Mann gleich auf: In seiner <a href=\"http:\/\/fussball.zdf.de\/ZDFsport\/inhalt\/25\/0,5676,7597849,00.html\" target=\"_blank\">kompromisslosen Art<\/a> sind allerdings nicht die Spieler der K\u00f6nigsblauen, sondern ein Teil der bisherigen Angestellten die Leidtragenden. Spektakul\u00e4re Spielertransfers haben die Gelsenkirchener bisher noch nicht zu bieten. Aber es bleibt ja noch etwas Zeit. <\/p>\n<p>In Werders r\u00e4umlicher Nachbarschaft finden wir den HSV. Nachdem Martin Jol \u00fcberraschend sein Traineramt aufgab und Dietmar Beiersdorfer, der sportliche Leiter, seinen Stuhl vor die T\u00fcr gestellt bekam, schien sich in Hamburg alles in Chaos aufzul\u00f6sen, zumal jeder zweite Spieler den Verein verl\u00e4sst. Aber jetzt vermelden die Hamburger doch die ersten Neuzug\u00e4nge, u.a. Ze Roberto (von den Bayern), mit 35 Jahren ein Routinier, aber eben kein junger Mann mehr.<\/p>\n<p>In Hoffenheim greift inzwischen M\u00e4zen Hopp doch tiefer in die Tasche, als er es eigentlich wollte, und leistet sich nach den Bayern die h\u00f6chsten Investitionen. Bei den <a href=\"http:\/\/www.transfermarkt.de\/de\/wettbewerb\/L1\/1-bundesliga\/transfers\/2009\/transferuebersicht.html\" target=\"_blank\">anderen Vereinen<\/a> h\u00e4lt sich alles (bisher) im ertr\u00e4glichen Rahmen.<\/p>\n<p>Bis Ende August bleibt den Vereinen noch Zeit, ihre Kader zu komplettieren. Bereits am 7. bzw. 8. August beginnt dann aber die neue Bundesligasaison und eine Woche zuvor geht der DFB-Pokal in die erste Hauptrunde. Soviel Zeit ist es bis dahin dann doch nicht mehr &#8230;<\/p>\n<p>siehe auch zdf.de: <a href=\"http:\/\/fussball.zdf.de\/ZDFsport\/inhalt\/8\/0,5676,7601960,00.html\" target=\"_blank\">Bundesliga-Klubs bevorzugen Talente statt Stars<\/a><\/p>\n","protected":false},"excerpt":{"rendered":"<p>Die Vorbereitungen auf die neue Fu\u00dfball-Saison 2009\/2010 sind bei Werder Bremen bereits im vollen Gange. Wie in den letzten Jahren so trainiert die Mannschaft wieder auf der Nordsee-Insel Norderney. Man darf gespannt sein, wie die Bremer den Abgang von Diego verkraften werden. Mesut \u00d6zil soll in seine Fu\u00dfstapfen treten und das offensive Mittelspiel dirigieren. An &hellip; <a href=\"https:\/\/willizblog.de\/?p=1946\" class=\"more-link\"><span class=\"screen-reader-text\">Saisonvorbereitungen auf der Insel<\/span> weiterlesen <span class=\"meta-nav\">&rarr;<\/span><\/a><\/p>\n","protected":false},"author":1,"featured_media":0,"comment_status":"open","ping_status":"open","sticky":false,"template":"","format":"standard","meta":[],"categories":[27],"tags":[],"_links":{"self":[{"href":"https:\/\/willizblog.de\/index.php?rest_route=\/wp\/v2\/posts\/1946"}],"collection":[{"href":"https:\/\/willizblog.de\/index.php?rest_route=\/wp\/v2\/posts"}],"about":[{"href":"https:\/\/willizblog.de\/index.php?rest_route=\/wp\/v2\/types\/post"}],"author":[{"embeddable":true,"href":"https:\/\/willizblog.de\/index.php?rest_route=\/wp\/v2\/users\/1"}],"replies":[{"embeddable":true,"href":"https:\/\/willizblog.de\/index.php?rest_route=%2Fwp%2Fv2%2Fcomments&post=1946"}],"version-history":[{"count":0,"href":"https:\/\/willizblog.de\/index.php?rest_route=\/wp\/v2\/posts\/1946\/revisions"}],"wp:attachment":[{"href":"https:\/\/willizblog.de\/index.php?rest_route=%2Fwp%2Fv2%2Fmedia&parent=1946"}],"wp:term":[{"taxonomy":"category","embeddable":true,"href":"https:\/\/willizblog.de\/index.php?rest_route=%2Fwp%2Fv2%2Fcategories&post=1946"},{"taxonomy":"post_tag","embeddable":true,"href":"https:\/\/willizblog.de\/index.php?rest_route=%2Fwp%2Fv2%2Ftags&post=1946"}],"curies":[{"name":"wp","href":"https:\/\/api.w.org\/{rel}","templated":true}]}}