{"id":198,"date":"2005-07-12T16:00:00","date_gmt":"2005-07-12T15:00:00","guid":{"rendered":"http:\/\/www.albinz.de\/blog\/?p=198"},"modified":"2005-10-20T09:22:22","modified_gmt":"2005-10-20T07:22:22","slug":"der-idiot-kommissar-graue-fall-3","status":"publish","type":"post","link":"https:\/\/willizblog.de\/?p=198","title":{"rendered":"Der Idiot &#8211; Kommissar Graue &#8211; Fall 3"},"content":{"rendered":"<p>Wie schon erw\u00e4hnt: Der 2. Fall von Kommissar Graue ist leider im M\u00fcll der vergangenen 35 Jahre versch\u00fcttet worden, also unauffindlich. So setze ich hier die literarisch hochwertige Reihe mit dem 3. Fall fort. Dank an den inzwischen zum Hauptkommissar aufgestiegenen HaJo Graue auch f\u00fcr diesen Beitrag aus seinem Leben.<\/p>\n<p>aus: Der Idiot &#8211; Jg. 2 Nr. 2 (5) Febr. 1970: Kommissar Graue &#8211; Fall 3: Frage?<\/p>\n<p><em>Der ber\u00fchmte Kommissar Graue wurde einmal gefragt, welches sein schwerster und komischster Fall gewesen ist:<\/em><\/p>\n<p><em>Es handelte (sich), so sagte Kommissar Graue, damals um den ber\u00fchmten Einbruch in das Juwelenhaus K.H. Vorsatz. Es gab keine Spur, keinen Anhaltspunkt! Die Polizei tappte im Dunkeln. Kommissar Graue aber nicht, er tappte im Sumpf und schnitt sich den Fu\u00df auf. An glasscharfen Diamanten.<\/em><\/p>\n<p><em>Der Scherz daran war, da\u00df Kommissar Graue damals erst 4 1\/2 jahre alt war. Man sieht: &#8222;Was lang w\u00e4hrt, wird endlich gut!&#8220; oder so \u00e4hnlich!<\/em><\/p>\n","protected":false},"excerpt":{"rendered":"<p>Wie schon erw\u00e4hnt: Der 2. Fall von Kommissar Graue ist leider im M\u00fcll der vergangenen 35 Jahre versch\u00fcttet worden, also unauffindlich. So setze ich hier die literarisch hochwertige Reihe mit dem 3. Fall fort. Dank an den inzwischen zum Hauptkommissar aufgestiegenen HaJo Graue auch f\u00fcr diesen Beitrag aus seinem Leben. aus: Der Idiot &#8211; Jg. &hellip; <a href=\"https:\/\/willizblog.de\/?p=198\" class=\"more-link\"><span class=\"screen-reader-text\">Der Idiot &#8211; Kommissar Graue &#8211; Fall 3<\/span> weiterlesen <span class=\"meta-nav\">&rarr;<\/span><\/a><\/p>\n","protected":false},"author":1,"featured_media":0,"comment_status":"closed","ping_status":"closed","sticky":false,"template":"","format":"standard","meta":[],"categories":[23],"tags":[],"_links":{"self":[{"href":"https:\/\/willizblog.de\/index.php?rest_route=\/wp\/v2\/posts\/198"}],"collection":[{"href":"https:\/\/willizblog.de\/index.php?rest_route=\/wp\/v2\/posts"}],"about":[{"href":"https:\/\/willizblog.de\/index.php?rest_route=\/wp\/v2\/types\/post"}],"author":[{"embeddable":true,"href":"https:\/\/willizblog.de\/index.php?rest_route=\/wp\/v2\/users\/1"}],"replies":[{"embeddable":true,"href":"https:\/\/willizblog.de\/index.php?rest_route=%2Fwp%2Fv2%2Fcomments&post=198"}],"version-history":[{"count":0,"href":"https:\/\/willizblog.de\/index.php?rest_route=\/wp\/v2\/posts\/198\/revisions"}],"wp:attachment":[{"href":"https:\/\/willizblog.de\/index.php?rest_route=%2Fwp%2Fv2%2Fmedia&parent=198"}],"wp:term":[{"taxonomy":"category","embeddable":true,"href":"https:\/\/willizblog.de\/index.php?rest_route=%2Fwp%2Fv2%2Fcategories&post=198"},{"taxonomy":"post_tag","embeddable":true,"href":"https:\/\/willizblog.de\/index.php?rest_route=%2Fwp%2Fv2%2Ftags&post=198"}],"curies":[{"name":"wp","href":"https:\/\/api.w.org\/{rel}","templated":true}]}}