{"id":1987,"date":"2009-07-19T00:01:19","date_gmt":"2009-07-18T22:01:19","guid":{"rendered":"http:\/\/www.willizblog.de\/?p=1987"},"modified":"2009-07-18T19:35:18","modified_gmt":"2009-07-18T17:35:18","slug":"maria-wird-heute-90","status":"publish","type":"post","link":"https:\/\/willizblog.de\/?p=1987","title":{"rendered":"Maria wird heute 90"},"content":{"rendered":"<p><img src=\"https:\/\/www.albinz.net\/images\/schnurgasse_maria.jpg\" alt=\"Maria wird 90\" \/><\/p>\n<p>Liebe Maria,<br \/>\nwir w\u00fcnschen Dir zu Deinem 90. Geburtstag alles Gute und weiterhin viel Gesundheit.<br \/>\nDie T\u00f6ster Landeier<\/p>\n<p>siehe auch: <a href=\"https:\/\/www.willizblog.de\/?p=859\" target=\"_blank\">Herm\u00e4nnchen wird heute 90<\/a> &#8212; <a href=\"https:\/\/www.willizblog.de\/?p=621\" target=\"_blank\">Die Kinder von der Schnurgass&#8216;<\/a><\/p>\n","protected":false},"excerpt":{"rendered":"<p>Liebe Maria, wir w\u00fcnschen Dir zu Deinem 90. Geburtstag alles Gute und weiterhin viel Gesundheit. Die T\u00f6ster Landeier siehe auch: Herm\u00e4nnchen wird heute 90 &#8212; Die Kinder von der Schnurgass&#8216;<\/p>\n","protected":false},"author":1,"featured_media":0,"comment_status":"open","ping_status":"open","sticky":false,"template":"","format":"standard","meta":[],"categories":[18],"tags":[],"_links":{"self":[{"href":"https:\/\/willizblog.de\/index.php?rest_route=\/wp\/v2\/posts\/1987"}],"collection":[{"href":"https:\/\/willizblog.de\/index.php?rest_route=\/wp\/v2\/posts"}],"about":[{"href":"https:\/\/willizblog.de\/index.php?rest_route=\/wp\/v2\/types\/post"}],"author":[{"embeddable":true,"href":"https:\/\/willizblog.de\/index.php?rest_route=\/wp\/v2\/users\/1"}],"replies":[{"embeddable":true,"href":"https:\/\/willizblog.de\/index.php?rest_route=%2Fwp%2Fv2%2Fcomments&post=1987"}],"version-history":[{"count":0,"href":"https:\/\/willizblog.de\/index.php?rest_route=\/wp\/v2\/posts\/1987\/revisions"}],"wp:attachment":[{"href":"https:\/\/willizblog.de\/index.php?rest_route=%2Fwp%2Fv2%2Fmedia&parent=1987"}],"wp:term":[{"taxonomy":"category","embeddable":true,"href":"https:\/\/willizblog.de\/index.php?rest_route=%2Fwp%2Fv2%2Fcategories&post=1987"},{"taxonomy":"post_tag","embeddable":true,"href":"https:\/\/willizblog.de\/index.php?rest_route=%2Fwp%2Fv2%2Ftags&post=1987"}],"curies":[{"name":"wp","href":"https:\/\/api.w.org\/{rel}","templated":true}]}}