{"id":2001,"date":"2009-07-24T00:01:00","date_gmt":"2009-07-23T22:01:00","guid":{"rendered":"http:\/\/www.willizblog.de\/?p=2001"},"modified":"2009-07-23T15:56:54","modified_gmt":"2009-07-23T13:56:54","slug":"inselaufenthalt-neuwerk-3-tag","status":"publish","type":"post","link":"https:\/\/willizblog.de\/?p=2001","title":{"rendered":"Inselaufenthalt Neuwerk: 3. Tag"},"content":{"rendered":"<p><img src=\"https:\/\/www.willizblog.de\/blogpicts\/neuwerk.gif\" alt=\"Urlaub auf Neuwerk\" \/> Was macht man so auf einer kleinen Insel von gerade einmal 3 km\u00b2 wie <a href=\"http:\/\/www.helgolandreisen.de\/cuxhaven-neuwerk\/karte-neuwerk\/\" target=\"_blank\">Neuwerk<\/a>, auf der nicht viel los ist, auf der im \u201anormalen\u2019 Leben gerade einmal knapp 40 Einwohner leben? Man guckt etwas hinter die Kulissen!<\/p>\n<p>Die Einwohner von Neuwerk leben in erster Linie vom Tourismus. Es gibt ca. 140 Betten f\u00fcr die Pensionsg\u00e4ste. Au\u00dferdem werden Zeltpl\u00e4tze (auch schon mit Zelten), Wohnwagenstellpl\u00e4tze und Lager (von Betten mag man nicht sprechen) in so genannten Heuhotels angeboten.<\/p>\n<p><img src=\"https:\/\/www.willizblog.de\/blogpicts\/urlaub_neuwerk_2009_14.jpg\" alt=\"Heuhotel auf Neuwerk\" \/><\/p>\n<p>Die Stadt Salzgitter unterh\u00e4lt auf der Insel <a href=\"http:\/\/www.neuwerkfreizeitcamp.de\/\" target=\"_blank\">ein Ferienlager<\/a>. Au\u00dferdem gibt es zwei Schullandheime (<a href=\"http:\/\/www.schullandheim-meereswoge.de\/\" target=\"_blank\">\u201eMeereswoge\u201c<\/a> und das <a href=\"http:\/\/www.hh.schule.de\/hhs\/in_out\/neuwerk1.htm\" target=\"_blank\">Schullandheim am Turm<\/a>).<\/p>\n<p>Tags\u00fcber kommen von Cuxhaven her viele Tagesg\u00e4ste, die entweder per F\u00e4hre, Wattwagen oder auch zu Fu\u00df die rund 13 km Strecke zur\u00fccklegen. So gibt es eine <a href=\"http:\/\/www.insel-neuwerk.de\/links.php5\" target=\"_blank\">Handvoll Cafes, Restaurants, Pensionsh\u00e4user, Hotels und Ferienwohnungen<\/a>:<\/p>\n<p><a href=\"http:\/\/www.seeblick-insel-neuwerk.de\/\" target=\"_blank\">Haus Seeblick<\/a><br \/>\n<a href=\"http:\/\/www.inselneuwerk.de\/\" target=\"_blank\">Zum Anker mit Nige Hus<\/a><br \/>\n<a href=\"http:\/\/www.husachterndiek.de\/\" target=\"_blank\">Hus achtern Diek<\/a><br \/>\n<a href=\"http:\/\/www.wattfahrten.de\/\" target=\"_blank\">Das alte Fischerhaus<\/a><br \/>\n<a href=\"http:\/\/www.leuchtturmneuwerk.de\/\" target=\"_blank\">Antjes Leuchtturm<\/a><br \/>\nOtto\u2019s Gartenlokal mit dem Inselkaufmannsladen (Inhaber Hartmut Lange)<\/p>\n<p>Die ganze Meute will nat\u00fcrlich versorgt sein. Und so bestellen die Insulaner ihre Ware am Festland und holen diese bei Ebbe mit Traktoren, an denen bis zu drei Anh\u00e4nger befestigt sind, \u00fcber den Wattwanderweg in Sahlenburg ab. Der Inselkaufmann bekommt z.B. jeden Mittwoch und Freitag neue Ware.<\/p>\n<table border=\"0\" width=\"100%\" cellspacing=\"0\" cellpadding=\"5\">\n<tr>\n<td width=\"50%\">\n<p align=\"center\"><img border=\"0\" src=\"https:\/\/www.willizblog.de\/blogpicts\/urlaub_neuwerk_2009_15.jpg\" alt=\"Traktoren Richtung Neuwerk\"><\/td>\n<td width=\"50%\">\n<p align=\"center\"><img border=\"0\" src=\"https:\/\/www.willizblog.de\/blogpicts\/urlaub_neuwerk_2009_16.jpg\" alt=\"Reiter Richtung Festland\"><\/td>\n<\/tr>\n<tr>\n<td width=\"100%\" colspan=\"2\">\n<p align=\"center\"><font face=\"Lucida Grande, Lucida Sans Unicode, Verdana, sans-serif\" size=\"2\">Traktoren und Pferdekolonne im Wattenmeer bei der Insel Neuwerk<\/font><\/td>\n<\/tr>\n<\/table>\n<p>Am dritten Tag unseres Aufenthalts auf Neuwerk liefen wir zun\u00e4chst \u00fcber den Deich Richtung Norden, dort weiter im Osten bis zum Beginn des Wattweges im S\u00fcdosten der Insel, der nach Sahlenburg bzw. Cuxhaven-Duhnen f\u00fchrt. Da gerade wieder Niedrigwasser war, sahen wir eine lange Kolonne an Traktoren mit Anh\u00e4ngern, Wattwagen von Pferden gezogen und auch einzelne Reiter auf dem Weg Richtung Festland bzw. von dort kommend. Das sah aus wie ein Fl\u00fcchtlingstreck w\u00e4hrend des 2. Weltkrieges.<\/p>\n<p>Wir gingen dann <a href=\"https:\/\/de.wikipedia.org\/wiki\/Watt_(K%C3%BCste)\" target=\"_blank\">im Watt<\/a> im S\u00fcden bis zum F\u00e4hranlieger im Westen, wo einige <a href=\"https:\/\/de.wikipedia.org\/wiki\/Priel\" target=\"_blank\">Priele<\/a> auch bei Ebbe noch Wasser zum Baden f\u00fchren. Mein J\u00fcngster kam nicht umhin, die Wassertemperatur zu pr\u00fcfen (nat\u00fcrlich erw\u00e4rmt sich das Wasser hier bei Sonnenschein ziemlich schnell) und schwamm einige Runden.<\/p>\n<table border=\"0\" width=\"100%\" cellspacing=\"0\" cellpadding=\"5\">\n<tr>\n<td width=\"50%\">\n<p align=\"center\"><img border=\"0\" src=\"https:\/\/www.willizblog.de\/blogpicts\/urlaub_neuwerk_2009_17.jpg\" alt=\"Lukas badet im Priel\"><\/td>\n<td width=\"50%\">\n<p align=\"center\"><img border=\"0\" src=\"https:\/\/www.willizblog.de\/blogpicts\/urlaub_neuwerk_2009_18.jpg\" alt=\"Priel mit Schiff\"><\/td>\n<\/tr>\n<tr>\n<td width=\"100%\" colspan=\"2\">\n<p align=\"center\"><font face=\"Lucida Grande, Lucida Sans Unicode, Verdana, sans-serif\" size=\"2\">Baden im Priel mit Schiff<\/font><\/td>\n<\/tr>\n<tr>\n<td width=\"100%\" colspan=\"2\">\n<p align=\"center\"><img border=\"0\" src=\"https:\/\/www.willizblog.de\/blogpicts\/urlaub_neuwerk_2009_19.jpg\" alt=\"Versinken im Schlick\"><\/td>\n<\/tr>\n<tr>\n<td width=\"50%\">\n<p align=\"center\"><img border=\"0\" src=\"https:\/\/www.willizblog.de\/blogpicts\/urlaub_neuwerk_2009_20.jpg\" alt=\"Baden im Wattenmeer\"><\/td>\n<td width=\"50%\">\n<p align=\"center\"><img border=\"0\" src=\"https:\/\/www.willizblog.de\/blogpicts\/urlaub_neuwerk_2009_21.jpg\" alt=\"Baden im Wattenmeer\"><\/td>\n<\/tr>\n<tr>\n<td width=\"100%\" colspan=\"2\">\n<p align=\"center\"><font face=\"Lucida Grande, Lucida Sans Unicode, Verdana, sans-serif\" size=\"2\">Baden im Wattenmeer<\/font><\/td>\n<\/tr>\n<\/table>\n<p>Am Nachmittag, die Sonne lie\u00df sich l\u00e4ngere Zeit zeigen, badeten wir dann an der Badestelle im S\u00fcden der Insel, gleich neben dem Jachthafen. Der h\u00f6chste Stand des Hochwassers sollte heute kurz nach 17 Uhr sein. Aber bereits zwei Stunden vor dem H\u00f6chststand flutet das Wasser das Wattenmeer.<\/p>\n<p><img src=\"http:\/\/www.nationalpark-hamburgisches-wattenmeer.de\/1ueber\/images\/1-2nphw.gif\" alt=\"Nationalpark-Haus auf Neuwerk\" \/><\/p>\n<p>Zuvor besuchten wir noch das <a href=\"http:\/\/www.nationalpark-hamburgisches-wattenmeer.de\/\" target=\"_blank\">Nationalpark-Haus<\/a> am Mittelweg und informierten uns \u00fcber den Nationalpark Hamburgisches Wattenmeer. In dem Haus wohnt u.a. auch die Vogelwartin.<\/p>\n","protected":false},"excerpt":{"rendered":"<p>Was macht man so auf einer kleinen Insel von gerade einmal 3 km\u00b2 wie Neuwerk, auf der nicht viel los ist, auf der im \u201anormalen\u2019 Leben gerade einmal knapp 40 Einwohner leben? Man guckt etwas hinter die Kulissen! Die Einwohner von Neuwerk leben in erster Linie vom Tourismus. Es gibt ca. 140 Betten f\u00fcr die &hellip; <a href=\"https:\/\/willizblog.de\/?p=2001\" class=\"more-link\"><span class=\"screen-reader-text\">Inselaufenthalt Neuwerk: 3. Tag<\/span> weiterlesen <span class=\"meta-nav\">&rarr;<\/span><\/a><\/p>\n","protected":false},"author":1,"featured_media":0,"comment_status":"open","ping_status":"open","sticky":false,"template":"","format":"standard","meta":[],"categories":[10,20],"tags":[],"_links":{"self":[{"href":"https:\/\/willizblog.de\/index.php?rest_route=\/wp\/v2\/posts\/2001"}],"collection":[{"href":"https:\/\/willizblog.de\/index.php?rest_route=\/wp\/v2\/posts"}],"about":[{"href":"https:\/\/willizblog.de\/index.php?rest_route=\/wp\/v2\/types\/post"}],"author":[{"embeddable":true,"href":"https:\/\/willizblog.de\/index.php?rest_route=\/wp\/v2\/users\/1"}],"replies":[{"embeddable":true,"href":"https:\/\/willizblog.de\/index.php?rest_route=%2Fwp%2Fv2%2Fcomments&post=2001"}],"version-history":[{"count":0,"href":"https:\/\/willizblog.de\/index.php?rest_route=\/wp\/v2\/posts\/2001\/revisions"}],"wp:attachment":[{"href":"https:\/\/willizblog.de\/index.php?rest_route=%2Fwp%2Fv2%2Fmedia&parent=2001"}],"wp:term":[{"taxonomy":"category","embeddable":true,"href":"https:\/\/willizblog.de\/index.php?rest_route=%2Fwp%2Fv2%2Fcategories&post=2001"},{"taxonomy":"post_tag","embeddable":true,"href":"https:\/\/willizblog.de\/index.php?rest_route=%2Fwp%2Fv2%2Ftags&post=2001"}],"curies":[{"name":"wp","href":"https:\/\/api.w.org\/{rel}","templated":true}]}}