{"id":2011,"date":"2009-07-30T15:14:22","date_gmt":"2009-07-30T13:14:22","guid":{"rendered":"http:\/\/www.willizblog.de\/?p=2011"},"modified":"2009-07-30T15:14:22","modified_gmt":"2009-07-30T13:14:22","slug":"inselaufenthalt-neuwerk-5-tag","status":"publish","type":"post","link":"https:\/\/willizblog.de\/?p=2011","title":{"rendered":"Inselaufenthalt Neuwerk: 5. Tag"},"content":{"rendered":"<p><img src=\"https:\/\/www.willizblog.de\/blogpicts\/neuwerk.gif\" alt=\"Urlaub auf Neuwerk\" \/> Am 5. Tag hatten wir auf der <a href=\"http:\/\/www.helgolandreisen.de\/cuxhaven-neuwerk\/karte-neuwerk\/\" target=\"_blank\">Insel Neuwerk<\/a> von morgens bis abends herrlichstes Sonnenwetter. Und da wir die Insel im Wesentlichen ausgekundschaftet hatten, war f\u00fcr diesen Tag Strand, Meer und Sonne angesagt. Nach dem Fr\u00fchst\u00fcck ging es los zur S\u00fcdseite von Neuwerk, zur Badestelle gleich neben dem kleinen Jachthafen.<\/p>\n<p>Nat\u00fcrlich war bereits <a href=\"https:\/\/de.wikipedia.org\/wiki\/Ebbe\" target=\"_blank\">Ebbe<\/a> und der H\u00f6chststand des Wassers mit der n\u00e4chsten <a href=\"https:\/\/de.wikipedia.org\/wiki\/Flut\" target=\"_blank\">Flut<\/a> sollte um 18 Uhr 14 sein. So war zun\u00e4chst Buddeln im <a href=\"https:\/\/de.wikipedia.org\/wiki\/Watt_(K%C3%BCste)\" target=\"_blank\">Watt<\/a> angesagt. Meine Jungs bauten eine Burg mit allem Drum und Dran, sonnten sich wie meine Frau und ich. Und gegen 14 Uhr lie\u00dfen wir es uns im <a href=\"http:\/\/www.wattfahrten.de\/\" target=\"_blank\">\u201ealten Fischerhaus\u201c<\/a> gut gehen mit Kaffee, Kuchen, Eis und sonstigen s\u00fc\u00dfen Leckereien (je nach Nase, unter die das Naschwerk geschoben wurde).<\/p>\n<table border=\"0\" width=\"100%\" cellspacing=\"0\" cellpadding=\"5\">\n<tr>\n<td width=\"100%\" colspan=\"2\">\n<p align=\"center\"><img loading=\"lazy\" border=\"0\" src=\"https:\/\/www.willizblog.de\/blogpicts\/urlaub_neuwerk_2009_26.jpg\" alt=\"Burgbauen im Watt von Neuwerk\" width=\"270\" height=\"203\"><\/td>\n<\/tr>\n<tr>\n<td width=\"50%\">\n<p align=\"center\"><img border=\"0\" src=\"https:\/\/www.willizblog.de\/blogpicts\/urlaub_neuwerk_2009_27.jpg\" alt=\"Ein Sonnenbad auf Neuwerk\"><\/td>\n<td width=\"50%\">\n<p align=\"center\"><img border=\"0\" src=\"https:\/\/www.willizblog.de\/blogpicts\/urlaub_neuwerk_2009_28.jpg\" alt=\"trocken gelegter Jachthafen von Neuwerk\"><\/td>\n<\/tr>\n<tr>\n<td width=\"100%\" colspan=\"2\">\n<p align=\"center\"><font face=\"Lucida Grande, Lucida Sans Unicode, Verdana, sans-serif\" size=\"2\">Burgbauen im Wattenmeer &#8211; Sonnenbaden auf Neuwerk<\/font><\/td>\n<\/tr>\n<\/table>\n<p>So ab 15 Uhr 30 kam dann das Wasser. Es dauerte nicht lange, und da meine Jungs ihre Burg auf einer Sandbank vor einem <a href=\"https:\/\/de.wikipedia.org\/wiki\/Priel\" target=\"_blank\">Priel<\/a> gebaut hatten, dieser vor dem anderen Wattenboden \u00fcberschwemmt wurde, \u00fcberraschte das Wasser Jungs und Burg und untersp\u00fclte diese (die Burg) schneller als man gucken konnte.<\/p>\n<p>Gegen 18 Uhr, als das Wasser seinen H\u00f6chststand fast erreicht hatte, machten wir uns auf zu unserer Ferienwohnung, um uns f\u00fcr den Abend zu pr\u00e4parieren. Im <a href=\"http:\/\/www.inselneuwerk.de\/neuwerk_restaurant_anker.htm\" target=\"_blank\">\u201eAnker\u201c <\/a> gingen wir zum Essen \u2013 ich g\u00f6nnte mir auf der Sonnenterrasse ein reichhaltiges <a href=\"https:\/\/de.wikipedia.org\/wiki\/Bauernfr%C3%BChst%C3%BCck\" target=\"_blank\">Bauernfr\u00fchst\u00fcck<\/a>, das f\u00fcr mich schon zur Tradition geh\u00f6rt. Auf fr\u00fcheren Radtouren in meiner Jugend durch Norddeutschland a\u00df ich abends \u00f6fter ein solches Bauernfr\u00fchst\u00fcck, weil es meist das preiswerteste Gericht und zudem nach vollbrachtem Radeln gut s\u00e4ttigend war.<\/p>\n<p>Ein Verdauungsspaziergang beendete dann den Tag, an dem ich mir immerhin trotz Sonnencreme den Pelz geh\u00f6rig verbrannte.<\/p>\n<p>Noch ein Insel-Internum: Wenn so viele G\u00e4ste jeden Tag die Insel bev\u00f6lkern, dann fragt man sich nat\u00fcrlich, wo der M\u00fcll bleibt. Es gibt nat\u00fcrlich keine M\u00fcllabfuhr wie bei uns. Aber einer der Insulaner, der sonst einen Wattwagen chauffiert, holt an bestimmten Wochentagen bestimmten M\u00fcll ab. Am Mittwoch war das Altglas dran. Neben der Kl\u00e4ranlage (auch das braucht die Insel nat\u00fcrlich) wird der M\u00fcll gesammelt. Und per M\u00fcllschiff, das sich an diesem Tag schon fr\u00fch am Morgen gegen 5 Uhr durch dumpfes Gehupe ank\u00fcndigte und am Staatsanleger auf der Westseite der Insel anlegte, wird der M\u00fcll abgeholt.<\/p>\n","protected":false},"excerpt":{"rendered":"<p>Am 5. Tag hatten wir auf der Insel Neuwerk von morgens bis abends herrlichstes Sonnenwetter. Und da wir die Insel im Wesentlichen ausgekundschaftet hatten, war f\u00fcr diesen Tag Strand, Meer und Sonne angesagt. Nach dem Fr\u00fchst\u00fcck ging es los zur S\u00fcdseite von Neuwerk, zur Badestelle gleich neben dem kleinen Jachthafen. Nat\u00fcrlich war bereits Ebbe und &hellip; <a href=\"https:\/\/willizblog.de\/?p=2011\" class=\"more-link\"><span class=\"screen-reader-text\">Inselaufenthalt Neuwerk: 5. Tag<\/span> weiterlesen <span class=\"meta-nav\">&rarr;<\/span><\/a><\/p>\n","protected":false},"author":1,"featured_media":0,"comment_status":"open","ping_status":"open","sticky":false,"template":"","format":"standard","meta":[],"categories":[10],"tags":[],"_links":{"self":[{"href":"https:\/\/willizblog.de\/index.php?rest_route=\/wp\/v2\/posts\/2011"}],"collection":[{"href":"https:\/\/willizblog.de\/index.php?rest_route=\/wp\/v2\/posts"}],"about":[{"href":"https:\/\/willizblog.de\/index.php?rest_route=\/wp\/v2\/types\/post"}],"author":[{"embeddable":true,"href":"https:\/\/willizblog.de\/index.php?rest_route=\/wp\/v2\/users\/1"}],"replies":[{"embeddable":true,"href":"https:\/\/willizblog.de\/index.php?rest_route=%2Fwp%2Fv2%2Fcomments&post=2011"}],"version-history":[{"count":0,"href":"https:\/\/willizblog.de\/index.php?rest_route=\/wp\/v2\/posts\/2011\/revisions"}],"wp:attachment":[{"href":"https:\/\/willizblog.de\/index.php?rest_route=%2Fwp%2Fv2%2Fmedia&parent=2011"}],"wp:term":[{"taxonomy":"category","embeddable":true,"href":"https:\/\/willizblog.de\/index.php?rest_route=%2Fwp%2Fv2%2Fcategories&post=2011"},{"taxonomy":"post_tag","embeddable":true,"href":"https:\/\/willizblog.de\/index.php?rest_route=%2Fwp%2Fv2%2Ftags&post=2011"}],"curies":[{"name":"wp","href":"https:\/\/api.w.org\/{rel}","templated":true}]}}