{"id":2013,"date":"2009-07-31T00:01:29","date_gmt":"2009-07-30T22:01:29","guid":{"rendered":"http:\/\/www.willizblog.de\/?p=2013"},"modified":"2009-07-30T15:56:49","modified_gmt":"2009-07-30T13:56:49","slug":"blumenpracht-teil-24","status":"publish","type":"post","link":"https:\/\/willizblog.de\/?p=2013","title":{"rendered":"Blumenpracht Teil 24"},"content":{"rendered":"<p>Auch wenn das Wetter eher wechselhaft ist, so herrschen die sonnigen Abschnitte doch vor \u00fcber Regenschauern und kurzen Gewittern mit Sturmb\u00f6en. Das gibt an freien Tagen genug Gelegenheit, sich an den Blumen und Pflanzen im Garten zu erfreuen, die jetzt in Bl\u00fcte stehen. Und mit einem guten Buch und einem k\u00fchlen Getr\u00e4nk vergehen solche Tage schneller als einem lieb ist.<\/p>\n<table border=\"0\" width=\"100%\" cellspacing=\"0\" cellpadding=\"5\">\n<tr>\n<td width=\"50%\">\n<p align=\"center\"><img loading=\"lazy\" border=\"0\" src=\"https:\/\/www.willizblog.de\/blogpicts\/blumen_20090729_01.jpg\" alt=\"Pflanzen in AlbinZ Garten - Ende Juli 2009\" width=\"270\" height=\"203\"><\/td>\n<td width=\"50%\">\n<p align=\"center\"><img loading=\"lazy\" border=\"0\" src=\"https:\/\/www.willizblog.de\/blogpicts\/blumen_20090729_02.jpg\" alt=\"Pflanzen in AlbinZ Garten - Ende Juli 2009\" width=\"270\" height=\"203\"><\/td>\n<\/tr>\n<tr>\n<td width=\"50%\">\n<p align=\"center\"><img loading=\"lazy\" border=\"0\" src=\"https:\/\/www.willizblog.de\/blogpicts\/blumen_20090729_03.jpg\" alt=\"Pflanzen in AlbinZ Garten - Ende Juli 2009\" width=\"270\" height=\"203\"><\/td>\n<td width=\"50%\">\n<p align=\"center\"><img loading=\"lazy\" border=\"0\" src=\"https:\/\/www.willizblog.de\/blogpicts\/blumen_20090729_04.jpg\" alt=\"Pflanzen in AlbinZ Garten - Ende Juli 2009\" width=\"270\" height=\"203\"><\/td>\n<\/tr>\n<tr>\n<td width=\"100%\" colspan=\"2\">\n<p align=\"center\"><font face=\"Lucida Grande, Lucida Sans Unicode, Verdana, sans-serif\" size=\"2\">Pflanzen in AlbinZ Garten &#8211; Ende Juli 2009<\/font><\/td>\n<\/tr>\n<tr>\n<td width=\"50%\">\n<p align=\"center\"><img loading=\"lazy\" border=\"0\" src=\"https:\/\/www.willizblog.de\/blogpicts\/blumen_20090729_05.jpg\" alt=\"Pflanzen in AlbinZ Garten - Ende Juli 2009\" width=\"270\" height=\"203\"><\/td>\n<td width=\"50%\">\n<p align=\"center\"><img loading=\"lazy\" border=\"0\" src=\"https:\/\/www.willizblog.de\/blogpicts\/blumen_20090729_06.jpg\" alt=\"Pflanzen in AlbinZ Garten - Ende Juli 2009\" width=\"270\" height=\"203\"><\/td>\n<\/tr>\n<\/table>\n","protected":false},"excerpt":{"rendered":"<p>Auch wenn das Wetter eher wechselhaft ist, so herrschen die sonnigen Abschnitte doch vor \u00fcber Regenschauern und kurzen Gewittern mit Sturmb\u00f6en. Das gibt an freien Tagen genug Gelegenheit, sich an den Blumen und Pflanzen im Garten zu erfreuen, die jetzt in Bl\u00fcte stehen. Und mit einem guten Buch und einem k\u00fchlen Getr\u00e4nk vergehen solche Tage &hellip; <a href=\"https:\/\/willizblog.de\/?p=2013\" class=\"more-link\"><span class=\"screen-reader-text\">Blumenpracht Teil 24<\/span> weiterlesen <span class=\"meta-nav\">&rarr;<\/span><\/a><\/p>\n","protected":false},"author":1,"featured_media":0,"comment_status":"open","ping_status":"open","sticky":false,"template":"","format":"standard","meta":[],"categories":[16],"tags":[],"_links":{"self":[{"href":"https:\/\/willizblog.de\/index.php?rest_route=\/wp\/v2\/posts\/2013"}],"collection":[{"href":"https:\/\/willizblog.de\/index.php?rest_route=\/wp\/v2\/posts"}],"about":[{"href":"https:\/\/willizblog.de\/index.php?rest_route=\/wp\/v2\/types\/post"}],"author":[{"embeddable":true,"href":"https:\/\/willizblog.de\/index.php?rest_route=\/wp\/v2\/users\/1"}],"replies":[{"embeddable":true,"href":"https:\/\/willizblog.de\/index.php?rest_route=%2Fwp%2Fv2%2Fcomments&post=2013"}],"version-history":[{"count":0,"href":"https:\/\/willizblog.de\/index.php?rest_route=\/wp\/v2\/posts\/2013\/revisions"}],"wp:attachment":[{"href":"https:\/\/willizblog.de\/index.php?rest_route=%2Fwp%2Fv2%2Fmedia&parent=2013"}],"wp:term":[{"taxonomy":"category","embeddable":true,"href":"https:\/\/willizblog.de\/index.php?rest_route=%2Fwp%2Fv2%2Fcategories&post=2013"},{"taxonomy":"post_tag","embeddable":true,"href":"https:\/\/willizblog.de\/index.php?rest_route=%2Fwp%2Fv2%2Ftags&post=2013"}],"curies":[{"name":"wp","href":"https:\/\/api.w.org\/{rel}","templated":true}]}}