{"id":2017,"date":"2009-08-02T16:20:59","date_gmt":"2009-08-02T14:20:59","guid":{"rendered":"http:\/\/www.willizblog.de\/?p=2017"},"modified":"2009-08-02T16:20:59","modified_gmt":"2009-08-02T14:20:59","slug":"blumenpracht-teil-25","status":"publish","type":"post","link":"https:\/\/willizblog.de\/?p=2017","title":{"rendered":"Blumenpracht Teil 25"},"content":{"rendered":"<p>Auch Nutzpflanzen haben sch\u00f6ne Bl\u00fcten (ist Mohn eine Nutzpflanze?). Neben Kr\u00e4utern haben wir einige Tomatenpflanzen, an denen schon erste Fr\u00fcchte kurz vor dem Rotwerden stehen. Und K\u00fcrbis bl\u00fcht und verspricht gro\u00dfe Fr\u00fcchte f\u00fcr den Herbst. Die Kirschen und die Beerenfr\u00fcchte (rote und schwarze Johannisbeeren, Stachel- und auch einige Himbeeren) sind l\u00e4ngst in unsere M\u00e4gen gelandet.<\/p>\n<p>Weiteres an Fr\u00fcchten und Gem\u00fcse finden wir bei Freunden und Bekannten (Gurken, gr\u00fcne Bohnen und Zucchini hat noch Opa Klaus angepflanzt \u2013 wir sind hier die \u201egl\u00fccklichen Erben\u201c).<\/p>\n<table border=\"0\" width=\"100%\" cellspacing=\"0\" cellpadding=\"5\">\n<tr>\n<td width=\"50%\">\n<p align=\"center\"><img loading=\"lazy\" border=\"0\" src=\"https:\/\/www.willizblog.de\/blogpicts\/blumen_20090729_07.jpg\" alt=\"AlbinZ Garten  Anfang August 2009\" width=\"270\" height=\"203\"><\/td>\n<td width=\"50%\">\n<p align=\"center\"><img loading=\"lazy\" border=\"0\" src=\"https:\/\/www.willizblog.de\/blogpicts\/blumen_20090729_08.jpg\" alt=\"AlbinZ Garten  Anfang August 2009\" width=\"270\" height=\"203\"><\/td>\n<\/tr>\n<tr>\n<td width=\"50%\">\n<p align=\"center\"><img loading=\"lazy\" border=\"0\" src=\"https:\/\/www.willizblog.de\/blogpicts\/blumen_20090729_09.jpg\" alt=\"AlbinZ Garten  Anfang August 2009\" width=\"270\" height=\"203\"><\/td>\n<td width=\"50%\">\n<p align=\"center\"><img loading=\"lazy\" border=\"0\" src=\"https:\/\/www.willizblog.de\/blogpicts\/blumen_20090729_10.jpg\" alt=\"AlbinZ Garten Anfang August 2009\" width=\"270\" height=\"203\"><\/td>\n<\/tr>\n<tr>\n<td width=\"100%\" colspan=\"2\">\n<p align=\"center\"><img loading=\"lazy\" border=\"0\" src=\"https:\/\/www.willizblog.de\/blogpicts\/blumen_20090729_11.jpg\" alt=\"AlbinZ Garten  Anfang August 2009\" width=\"270\" height=\"203\"><\/td>\n<\/tr>\n<tr>\n<td width=\"100%\" colspan=\"2\">\n<p align=\"center\"><font face=\"Lucida Grande, Lucida Sans Unicode, Verdana, sans-serif\" size=\"2\">AlbinZ Garten  Anfang August 2009<\/font><\/td>\n<\/tr>\n<\/table>\n","protected":false},"excerpt":{"rendered":"<p>Auch Nutzpflanzen haben sch\u00f6ne Bl\u00fcten (ist Mohn eine Nutzpflanze?). Neben Kr\u00e4utern haben wir einige Tomatenpflanzen, an denen schon erste Fr\u00fcchte kurz vor dem Rotwerden stehen. Und K\u00fcrbis bl\u00fcht und verspricht gro\u00dfe Fr\u00fcchte f\u00fcr den Herbst. Die Kirschen und die Beerenfr\u00fcchte (rote und schwarze Johannisbeeren, Stachel- und auch einige Himbeeren) sind l\u00e4ngst in unsere M\u00e4gen gelandet. &hellip; <a href=\"https:\/\/willizblog.de\/?p=2017\" class=\"more-link\"><span class=\"screen-reader-text\">Blumenpracht Teil 25<\/span> weiterlesen <span class=\"meta-nav\">&rarr;<\/span><\/a><\/p>\n","protected":false},"author":1,"featured_media":0,"comment_status":"open","ping_status":"open","sticky":false,"template":"","format":"standard","meta":[],"categories":[16],"tags":[],"_links":{"self":[{"href":"https:\/\/willizblog.de\/index.php?rest_route=\/wp\/v2\/posts\/2017"}],"collection":[{"href":"https:\/\/willizblog.de\/index.php?rest_route=\/wp\/v2\/posts"}],"about":[{"href":"https:\/\/willizblog.de\/index.php?rest_route=\/wp\/v2\/types\/post"}],"author":[{"embeddable":true,"href":"https:\/\/willizblog.de\/index.php?rest_route=\/wp\/v2\/users\/1"}],"replies":[{"embeddable":true,"href":"https:\/\/willizblog.de\/index.php?rest_route=%2Fwp%2Fv2%2Fcomments&post=2017"}],"version-history":[{"count":0,"href":"https:\/\/willizblog.de\/index.php?rest_route=\/wp\/v2\/posts\/2017\/revisions"}],"wp:attachment":[{"href":"https:\/\/willizblog.de\/index.php?rest_route=%2Fwp%2Fv2%2Fmedia&parent=2017"}],"wp:term":[{"taxonomy":"category","embeddable":true,"href":"https:\/\/willizblog.de\/index.php?rest_route=%2Fwp%2Fv2%2Fcategories&post=2017"},{"taxonomy":"post_tag","embeddable":true,"href":"https:\/\/willizblog.de\/index.php?rest_route=%2Fwp%2Fv2%2Ftags&post=2017"}],"curies":[{"name":"wp","href":"https:\/\/api.w.org\/{rel}","templated":true}]}}