{"id":2019,"date":"2009-08-05T18:04:23","date_gmt":"2009-08-05T16:04:23","guid":{"rendered":"http:\/\/www.willizblog.de\/?p=2019"},"modified":"2014-10-09T12:52:03","modified_gmt":"2014-10-09T11:52:03","slug":"horst-schimanski-duisburg","status":"publish","type":"post","link":"https:\/\/willizblog.de\/?p=2019","title":{"rendered":"Horst Schimanski, Duisburg"},"content":{"rendered":"<p>Eigentlich sind es nur Reminiszenzen an alte Tage. \u00dcber 25 Jahre ist es her. Am Sonntag guckte ich \u00f6fter den <a href=\"https:\/\/de.wikipedia.org\/wiki\/Tatort_(Fernsehreihe)\" target=\"_blank\">Tatort<\/a> im Fernsehen, den es bis heute bereits seit 1970 gibt. Viele Kriminalbeamte gaben sich da die Klinke in die Hand: Kommissar Trimmel, der Zollfahnder Kressin, Kommissar Finke (Klaus Schwarzkopf), Kommissar Stoever (Manfred Krug) oder Kommissar Heinz Haferkamp (Hansj\u00f6rg Felmy)..<\/p>\n<p>Und dann, 1981, wacht da in der ersten Szene eines neuen Tatorts ein gewisser Kommissar Schimanski mit dreckiger Unterhose und v\u00f6llig verkatert zwischen leeren Bierflaschen auf, isst zwei rohe Eier und geht dann ungewaschen zum Dienst &#8230;  <a href=\"https:\/\/de.wikipedia.org\/wiki\/Horst_Schimanski\" target=\"_blank\">Horst Schimanski<\/a>, Kripo Duisburg.<\/p>\n<p>Zehn Jahre bis 1991 beehrte <a href=\"http:\/\/horstschimanski.info\/\" target=\"_blank\"><strong>Schimmi<\/strong><\/a>, wie er von Freunden genannt wird,  das deutsche Fernsehpublikum. Dann hatte der Schauspieler <a href=\"https:\/\/de.wikipedia.org\/wiki\/G%C3%B6tz_George\" target=\"_blank\">G\u00f6tz George<\/a> die Schnauze voll von der Rolle, an deren Figur und Erscheinungsbild der Schauspieler ma\u00dfgeblich beteiligt war. Aber Ende 1997 tauchte Schimanski auf den Bildschirmen wieder auf, jetzt in einer eigenen Fernsehreihe, von der es inzwischen 15 Teile gab. Der letzten Schimmi wurde vor gut einem Jahr ausgestrahlt, kurz vor seinem (und G\u00f6tz Georges) 70. Geburtstag.<\/p>\n<p>Dieser Tage nun gab es eine Wiederholung (den 13. Teil vom 26.06.2005, Titel: S\u00fcnde). Daher die Erinnerungen an alte Tage.<\/p>\n<p>Man kann von Schimanski denken, was man will. Die einen halten ihn f\u00fcr einen unverbesserlichen Macho, die anderen f\u00fcr einen kulturlosen Proleten. F\u00fcr mich und einige meiner alten Kumpel verbindet sich mit Schimanski ein Lebensgef\u00fchl, wie wir es damals empfunden haben. Ein Kumpel ging sogar soweit, Schimmis charakteristisches Markenzeichen, eine beige-graue <a href=\"https:\/\/de.wikipedia.org\/wiki\/Feldjacke_M-65\" target=\"_blank\">M65-Feldjacke<\/a> zu tragen \u2013 besser bekannt als \u201eSchimanski-Jacke\u201c.<\/p>\n<p>Was hatten wir nun mit Schimanski gemeinsam? Mit Ruhrpott, f\u00fcr den Schimanski gewisserma\u00dfen steht, hatten wir schon der geografischen Ferne wegen nichts am Hut. Da schon eher etwas mit der norddeutschen Tiefebene. Aber am Ende, so sahen wir es, gleicht sich beides doch sehr.<\/p>\n<p>An die Gr\u00fcndung einer Familie (immerhin waren wir damals Mitte zwanzig) dachte damals keiner. Wir hatten zwar einen Job, aber ein geregeltes b\u00fcrgerliches Leben war uns doch eher fremd. Sicherlich schlugen wir uns so manche Nacht um die Ohren, aber doch eher an den Wochenende. Vielleicht war es ein Nicht-erwachsen-werden-Wollen, was uns umtrieb.<\/p>\n<p>Nach au\u00dfen hin waren wir wie Schimanski wenig kultiviert, aber nicht kulturlos. Manche Abende haben wir in Konzerten und Theatern verbrach \u2013 aber es waren eher die aufr\u00fchrerischen St\u00fccke, die uns interessierten. Wir gaben uns im Tonfall schnodderig, aber nicht aggressiv. Wenn, dann k\u00e4mpften wir verbal.<\/p>\n<p>Inzwischen sind wir zwar l\u00e4ngst b\u00fcrgerlich geworden, haben geheiratet und auch Kinder in die Welt gesetzt. Aber etwas Rebellisches, so denke ich, ist uns immer noch geblieben. Daf\u00fcr ist die Welt nicht gut genug, um alles zu akzeptieren. Und so ist etwas von einem Schimanski auch heute noch in uns.<\/p>\n<p>Da es nichts Besseres im Fernsehen gab, habe ich mir die besagte Folge aus der Schimanski-Reihe angeschaut. Schimmi ist f\u00fcr mich auch heute noch echt Kult. Es war ein Genuss, Schimanski wieder einmal \u201ain action\u2019 zu sehen.<\/p>\n<p>siehe auch den Beitrag: <a href=\"https:\/\/www.willizblog.de\/?p=857\" target=\"_blank\">Was ist blo\u00df mit Ian los? Teil 65: Schimanski h\u00f6rt Tull<\/a><\/p>\n","protected":false},"excerpt":{"rendered":"<p>Eigentlich sind es nur Reminiszenzen an alte Tage. \u00dcber 25 Jahre ist es her. Am Sonntag guckte ich \u00f6fter den Tatort im Fernsehen, den es bis heute bereits seit 1970 gibt. Viele Kriminalbeamte gaben sich da die Klinke in die Hand: Kommissar Trimmel, der Zollfahnder Kressin, Kommissar Finke (Klaus Schwarzkopf), Kommissar Stoever (Manfred Krug) oder &hellip; <a href=\"https:\/\/willizblog.de\/?p=2019\" class=\"more-link\"><span class=\"screen-reader-text\">Horst Schimanski, Duisburg<\/span> weiterlesen <span class=\"meta-nav\">&rarr;<\/span><\/a><\/p>\n","protected":false},"author":1,"featured_media":0,"comment_status":"open","ping_status":"open","sticky":false,"template":"","format":"standard","meta":[],"categories":[441],"tags":[],"_links":{"self":[{"href":"https:\/\/willizblog.de\/index.php?rest_route=\/wp\/v2\/posts\/2019"}],"collection":[{"href":"https:\/\/willizblog.de\/index.php?rest_route=\/wp\/v2\/posts"}],"about":[{"href":"https:\/\/willizblog.de\/index.php?rest_route=\/wp\/v2\/types\/post"}],"author":[{"embeddable":true,"href":"https:\/\/willizblog.de\/index.php?rest_route=\/wp\/v2\/users\/1"}],"replies":[{"embeddable":true,"href":"https:\/\/willizblog.de\/index.php?rest_route=%2Fwp%2Fv2%2Fcomments&post=2019"}],"version-history":[{"count":0,"href":"https:\/\/willizblog.de\/index.php?rest_route=\/wp\/v2\/posts\/2019\/revisions"}],"wp:attachment":[{"href":"https:\/\/willizblog.de\/index.php?rest_route=%2Fwp%2Fv2%2Fmedia&parent=2019"}],"wp:term":[{"taxonomy":"category","embeddable":true,"href":"https:\/\/willizblog.de\/index.php?rest_route=%2Fwp%2Fv2%2Fcategories&post=2019"},{"taxonomy":"post_tag","embeddable":true,"href":"https:\/\/willizblog.de\/index.php?rest_route=%2Fwp%2Fv2%2Ftags&post=2019"}],"curies":[{"name":"wp","href":"https:\/\/api.w.org\/{rel}","templated":true}]}}