{"id":2025,"date":"2009-08-09T10:02:39","date_gmt":"2009-08-09T08:02:39","guid":{"rendered":"http:\/\/www.willizblog.de\/?p=2025"},"modified":"2009-08-10T11:51:20","modified_gmt":"2009-08-10T09:51:20","slug":"sonnenuntergange-auf-neuwerk-1","status":"publish","type":"post","link":"https:\/\/willizblog.de\/?p=2025","title":{"rendered":"Sonnenunterg\u00e4nge auf Neuwerk (1)"},"content":{"rendered":"<p>Besonders bemerkenswert waren w\u00e4hrend unseres Aufenthalts auf der Insel Neuwerk <a href=\"https:\/\/www.willizblog.de\/?p=1984\" target=\"_blank\">[1]<\/a> <a href=\"https:\/\/www.willizblog.de\/?p=1995\" target=\"_blank\">[2]<\/a> <a href=\"https:\/\/www.willizblog.de\/?p=2001\" target=\"_blank\">[3]<\/a> <a href=\"https:\/\/www.willizblog.de\/?p=2004\" target=\"_blank\">[4]<\/a> <a href=\"https:\/\/www.willizblog.de\/?p=2011\" target=\"_blank\">[5]<\/a> <a href=\"https:\/\/www.willizblog.de\/?p=2015\" target=\"_blank\">[6]<\/a> in der Elbm\u00fcndung die abendlichen Sonnenunterg\u00e4nge. Unsere Ferienwohnung hatte zwei Fenster in Richtung Westen, die einen herrlichen Blick \u00fcber den Deich auf das Wattenmeer erm\u00f6glichte. Die untergehende Sonne spiegelte sich dabei selbst bei Ebbe in den wasserf\u00fchrenden Prielen und bot einen einmaligen Anblick.<\/p>\n<table border=\"0\" cellpadding=\"5\" cellspacing=\"0\" width=\"100%\">\n<tr>\n<td width=\"50%\">\n<p align=\"center\"><img loading=\"lazy\" border=\"0\" src=\"https:\/\/www.willizblog.de\/blogpicts\/neuwerk_2009_sonne_01.jpg\" alt=\"Sonnenuntergang auf der Insel Neuwerk (Juli 2009)\" width=\"270\" height=\"203\"><\/td>\n<td width=\"50%\">\n<p align=\"center\"><img loading=\"lazy\" border=\"0\" src=\"https:\/\/www.willizblog.de\/blogpicts\/neuwerk_2009_sonne_02.jpg\" alt=\"Sonnenuntergang auf der Insel Neuwerk (Juli 2009)\" width=\"270\" height=\"203\"><\/td>\n<\/tr>\n<tr>\n<td width=\"100%\" colspan=\"2\">\n<p align=\"center\"><font face=\"Lucida Grande, Lucida Sans Unicode, Verdana, sans-serif\" size=\"2\">Sonnenuntergang auf der Insel Neuwerk (Juli 2009)<\/font><\/td>\n<\/tr>\n<tr>\n<td width=\"50%\">\n<p align=\"center\"><img loading=\"lazy\" border=\"0\" src=\"https:\/\/www.willizblog.de\/blogpicts\/neuwerk_2009_sonne_03.jpg\" alt=\"Sonnenuntergang auf der Insel Neuwerk (Juli 2009)\" width=\"270\" height=\"203\"><\/td>\n<td width=\"50%\">\n<p align=\"center\"><img loading=\"lazy\" border=\"0\" src=\"https:\/\/www.willizblog.de\/blogpicts\/neuwerk_2009_sonne_04.jpg\" alt=\"Sonnenuntergang auf der Insel Neuwerk (Juli 2009)\" width=\"270\" height=\"203\"><\/td>\n<\/tr>\n<\/table>\n","protected":false},"excerpt":{"rendered":"<p>Besonders bemerkenswert waren w\u00e4hrend unseres Aufenthalts auf der Insel Neuwerk [1] [2] [3] [4] [5] [6] in der Elbm\u00fcndung die abendlichen Sonnenunterg\u00e4nge. Unsere Ferienwohnung hatte zwei Fenster in Richtung Westen, die einen herrlichen Blick \u00fcber den Deich auf das Wattenmeer erm\u00f6glichte. Die untergehende Sonne spiegelte sich dabei selbst bei Ebbe in den wasserf\u00fchrenden Prielen und &hellip; <a href=\"https:\/\/willizblog.de\/?p=2025\" class=\"more-link\"><span class=\"screen-reader-text\">Sonnenunterg\u00e4nge auf Neuwerk (1)<\/span> weiterlesen <span class=\"meta-nav\">&rarr;<\/span><\/a><\/p>\n","protected":false},"author":1,"featured_media":0,"comment_status":"open","ping_status":"open","sticky":false,"template":"","format":"standard","meta":[],"categories":[10,20],"tags":[],"_links":{"self":[{"href":"https:\/\/willizblog.de\/index.php?rest_route=\/wp\/v2\/posts\/2025"}],"collection":[{"href":"https:\/\/willizblog.de\/index.php?rest_route=\/wp\/v2\/posts"}],"about":[{"href":"https:\/\/willizblog.de\/index.php?rest_route=\/wp\/v2\/types\/post"}],"author":[{"embeddable":true,"href":"https:\/\/willizblog.de\/index.php?rest_route=\/wp\/v2\/users\/1"}],"replies":[{"embeddable":true,"href":"https:\/\/willizblog.de\/index.php?rest_route=%2Fwp%2Fv2%2Fcomments&post=2025"}],"version-history":[{"count":0,"href":"https:\/\/willizblog.de\/index.php?rest_route=\/wp\/v2\/posts\/2025\/revisions"}],"wp:attachment":[{"href":"https:\/\/willizblog.de\/index.php?rest_route=%2Fwp%2Fv2%2Fmedia&parent=2025"}],"wp:term":[{"taxonomy":"category","embeddable":true,"href":"https:\/\/willizblog.de\/index.php?rest_route=%2Fwp%2Fv2%2Fcategories&post=2025"},{"taxonomy":"post_tag","embeddable":true,"href":"https:\/\/willizblog.de\/index.php?rest_route=%2Fwp%2Fv2%2Ftags&post=2025"}],"curies":[{"name":"wp","href":"https:\/\/api.w.org\/{rel}","templated":true}]}}