{"id":2032,"date":"2009-08-11T11:21:43","date_gmt":"2009-08-11T09:21:43","guid":{"rendered":"http:\/\/www.willizblog.de\/?p=2032"},"modified":"2009-08-11T11:21:43","modified_gmt":"2009-08-11T09:21:43","slug":"sonnenuntergange-auf-neuwerk-2","status":"publish","type":"post","link":"https:\/\/willizblog.de\/?p=2032","title":{"rendered":"Sonnenunterg\u00e4nge auf Neuwerk (2)"},"content":{"rendered":"<p>Hier noch einige Fotos von den bemerkenswerten Sonnenunterg\u00e4ngen auf der Insel Neuwerk <a href=\"htttp:\/\/www.willizblog.de\/?p=1984\" target=\"_blank\">[1]<\/a> <a href=\"https:\/\/www.willizblog.de\/?p=1995\" target=\"_blank\">[2]<\/a> <a href=\"https:\/\/www.willizblog.de\/?p=2001\" target=\"_blank\">[3]<\/a> <a href=\"https:\/\/www.willizblog.de\/?p=2004\" target=\"_blank\">[4]<\/a> <a href=\"https:\/\/www.willizblog.de\/?p=2011\" target=\"_blank\">[5]<\/a> <a href=\"https:\/\/www.willizblog.de\/?p=2015\" target=\"_blank\">[6]<\/a>. An einem Abend schob sich flacher Nebel \u00fcber die Wiesen, wie wir diesen aus Alpent\u00e4lern am fr\u00fchen Morgen her kennen. Die Fotos geben nur andeutungsweise die beeindruckende Stimmung wieder.<\/p>\n<table border=\"0\" cellpadding=\"5\" cellspacing=\"0\" width=\"100%\">\n<tr>\n<td width=\"50%\">\n<p align=\"center\"><img loading=\"lazy\" border=\"0\" src=\"https:\/\/www.willizblog.de\/blogpicts\/neuwerk_2009_sonne_05hk.jpg\" alt=\"Sonnenuntergang auf der Insel Neuwerk (Juli 2009)\" width=\"203\" height=\"271\"><\/td>\n<td width=\"50%\">\n<p align=\"center\"><img loading=\"lazy\" border=\"0\" src=\"https:\/\/www.willizblog.de\/blogpicts\/neuwerk_2009_sonne_07.jpg\" alt=\"Sonnenuntergang auf der Insel Neuwerk (Juli 2009)\" width=\"270\" height=\"203\"><\/td>\n<\/tr>\n<tr>\n<td width=\"100%\" colspan=\"2\">\n<p align=\"center\"><font face=\"Lucida Grande, Lucida Sans Unicode, Verdana, sans-serif\" size=\"2\">Sonnenuntergang auf der Insel Neuwerk (Juli 2009)<\/font><\/td>\n<\/tr>\n<tr>\n<td width=\"50%\">\n<p align=\"center\"><img loading=\"lazy\" border=\"0\" src=\"https:\/\/www.willizblog.de\/blogpicts\/neuwerk_2009_sonne_08.jpg\" alt=\"Sonnenuntergang auf der Insel Neuwerk (Juli 2009)\" width=\"270\" height=\"203\"><\/td>\n<td width=\"50%\">\n<p align=\"center\"><img loading=\"lazy\" border=\"0\" src=\"https:\/\/www.willizblog.de\/blogpicts\/neuwerk_2009_sonne_06hk.jpg\" alt=\"Sonnenuntergang auf der Insel Neuwerk (Juli 2009)\" width=\"203\" height=\"271\"><\/td>\n<\/tr>\n<tr>\n<td width=\"100%\" colspan=\"2\">\n<p align=\"center\"><font face=\"Lucida Grande, Lucida Sans Unicode, Verdana, sans-serif\" size=\"2\">Abendlicher Nebel auf der Insel Neuwerk (Juli 2009)<\/font><\/td>\n<\/tr>\n<tr>\n<td width=\"50%\">\n<p align=\"center\"><img loading=\"lazy\" border=\"0\" src=\"https:\/\/www.willizblog.de\/blogpicts\/neuwerk_2009_nebel_01.jpg\" alt=\"Abendlicher Nebel auf der Insel Neuwerk\" width=\"270\" height=\"203\"><\/td>\n<td width=\"50%\">\n<p align=\"center\"><img loading=\"lazy\" border=\"0\" src=\"https:\/\/www.willizblog.de\/blogpicts\/neuwerk_2009_nebel_02.jpg\" alt=\"Abendlicher Nebel auf der Insel Neuwerk\" width=\"270\" height=\"203\"><\/td>\n<\/tr>\n<\/table>\n<p>siehe auch: <a href=\"https:\/\/www.willizblog.de\/?p=2025\" target=\"_blank\">Sonnenunterg\u00e4nge auf Neuwerk (1)<\/a><\/p>\n","protected":false},"excerpt":{"rendered":"<p>Hier noch einige Fotos von den bemerkenswerten Sonnenunterg\u00e4ngen auf der Insel Neuwerk [1] [2] [3] [4] [5] [6]. An einem Abend schob sich flacher Nebel \u00fcber die Wiesen, wie wir diesen aus Alpent\u00e4lern am fr\u00fchen Morgen her kennen. Die Fotos geben nur andeutungsweise die beeindruckende Stimmung wieder. Sonnenuntergang auf der Insel Neuwerk (Juli 2009) Abendlicher &hellip; <a href=\"https:\/\/willizblog.de\/?p=2032\" class=\"more-link\"><span class=\"screen-reader-text\">Sonnenunterg\u00e4nge auf Neuwerk (2)<\/span> weiterlesen <span class=\"meta-nav\">&rarr;<\/span><\/a><\/p>\n","protected":false},"author":1,"featured_media":0,"comment_status":"open","ping_status":"open","sticky":false,"template":"","format":"standard","meta":[],"categories":[10,20],"tags":[],"_links":{"self":[{"href":"https:\/\/willizblog.de\/index.php?rest_route=\/wp\/v2\/posts\/2032"}],"collection":[{"href":"https:\/\/willizblog.de\/index.php?rest_route=\/wp\/v2\/posts"}],"about":[{"href":"https:\/\/willizblog.de\/index.php?rest_route=\/wp\/v2\/types\/post"}],"author":[{"embeddable":true,"href":"https:\/\/willizblog.de\/index.php?rest_route=\/wp\/v2\/users\/1"}],"replies":[{"embeddable":true,"href":"https:\/\/willizblog.de\/index.php?rest_route=%2Fwp%2Fv2%2Fcomments&post=2032"}],"version-history":[{"count":0,"href":"https:\/\/willizblog.de\/index.php?rest_route=\/wp\/v2\/posts\/2032\/revisions"}],"wp:attachment":[{"href":"https:\/\/willizblog.de\/index.php?rest_route=%2Fwp%2Fv2%2Fmedia&parent=2032"}],"wp:term":[{"taxonomy":"category","embeddable":true,"href":"https:\/\/willizblog.de\/index.php?rest_route=%2Fwp%2Fv2%2Fcategories&post=2032"},{"taxonomy":"post_tag","embeddable":true,"href":"https:\/\/willizblog.de\/index.php?rest_route=%2Fwp%2Fv2%2Ftags&post=2032"}],"curies":[{"name":"wp","href":"https:\/\/api.w.org\/{rel}","templated":true}]}}