{"id":2039,"date":"2009-08-14T11:04:04","date_gmt":"2009-08-14T09:04:04","guid":{"rendered":"http:\/\/www.willizblog.de\/?p=2039"},"modified":"2009-08-18T09:23:19","modified_gmt":"2009-08-18T07:23:19","slug":"fauna-im-garten","status":"publish","type":"post","link":"https:\/\/willizblog.de\/?p=2039","title":{"rendered":"Fauna im Garten"},"content":{"rendered":"<p>Neben der Flora, den Blumen, Str\u00e4uchern und B\u00e4umen, macht besonders auch die Fauna einen lebendigen Garten aus. Klar, ohne Bienen und den anderen flei\u00dfigen Insekten, die die Bl\u00fcten best\u00e4uben, w\u00e4re ein solcher Garten sehr schnell eine Ger\u00f6llw\u00fcste.<\/p>\n<p><a href=\"https:\/\/de.wikipedia.org\/wiki\/Marienk%C3%A4fer\" target=\"_blank\">Marienk\u00e4fer<\/a> sind in diesem Jahr sehr zahlreich vorhanden, vielleicht zu zahlreich. In Norddeutschland haben wir geradezu <a href=\"http:\/\/www.spiegel.de\/wissenschaft\/natur\/0,1518,638826,00.html\" target=\"_blank\">eine Invasion<\/a>. Das gilt besonders f\u00fcr die asiatischen Marienk\u00e4fer (ihre Fl\u00fcgel sind orangefarbend statt rot), die unseren einheimischen K\u00e4fern das Leben schwer machen.<\/p>\n<p>Obwohl der n\u00e4chste Teich oder T\u00fcmpel eigentlich um einiges von unserem Garten entfernt ist, verirrt sich ab und zu eine <a href=\"https:\/\/de.wikipedia.org\/wiki\/Libellen\" target=\"_blank\">Libelle<\/a> bis zu uns \u2013 wie das eine Bild unten zeigt.<\/p>\n<p>Da wir Schmetterlinge m\u00f6gen, sorgen wir auch daf\u00fcr, das deren Nachwuchs eine Chance in unserem Garten hat. So lassen wir u.a. auch Brennnesseln stehen, die f\u00fcr einige Schmetterlingsarten als Futterpflanze f\u00fcr deren <a href=\"https:\/\/de.wikipedia.org\/wiki\/Raupe_(Schmetterling)\" target=\"_blank\">Raupen<\/a> dienen. Sollte es sich bei den Raupen in unserem Garten wirklich um die des <a href=\"https:\/\/de.wikipedia.org\/wiki\/Tagpfauenauge\" target=\"_blank\">Tagpfauenauges<\/a> handeln?<\/p>\n<table border=\"0\" cellpadding=\"5\" cellspacing=\"0\" width=\"100%\">\n<tr>\n<td width=\"50%\">\n<p align=\"center\"><img loading=\"lazy\" border=\"0\" src=\"https:\/\/www.willizblog.de\/blogpicts\/garten_2009_marienkaefer.jpg\" alt=\"Fauna im Garten: Marienk\u00e4fer\" width=\"270\" height=\"203\"><\/td>\n<td width=\"50%\">\n<p align=\"center\"><img loading=\"lazy\" border=\"0\" src=\"https:\/\/www.willizblog.de\/blogpicts\/garten_2009_libelle.jpg\" alt=\"Fauna im Garten: Libelle\" width=\"270\" height=\"203\"><\/td>\n<\/tr>\n<tr>\n<td width=\"50%\">\n<p align=\"center\"><font face=\"Lucida Grande, Lucida Sans Unicode, Verdana, sans-serif\" size=\"2\">Fauna im Garten: Marienk\u00e4fer<\/font><\/td>\n<td width=\"50%\">\n<p align=\"center\"><font face=\"Lucida Grande, Lucida Sans Unicode, Verdana, sans-serif\" size=\"2\">Fauna im Garten: Libelle<\/font><\/td>\n<\/tr>\n<tr>\n<td width=\"50%\">\n<p align=\"center\"><img loading=\"lazy\" border=\"0\" src=\"https:\/\/www.willizblog.de\/blogpicts\/garten_2009_raupen01.jpg\" alt=\"Fauna im Garten: Raupen\" width=\"270\" height=\"203\"><\/td>\n<td width=\"50%\">\n<p align=\"center\"><img loading=\"lazy\" border=\"0\" src=\"https:\/\/www.willizblog.de\/blogpicts\/garten_2009_raupen02.jpg\" alt=\"Fauna im Garten: Raupen\" width=\"270\" height=\"203\"><\/td>\n<\/tr>\n<tr>\n<td width=\"100%\" colspan=\"2\">\n<p align=\"center\"><font face=\"Lucida Grande, Lucida Sans Unicode, Verdana, sans-serif\" size=\"2\">Fauna im Garten: Raupen<\/font><\/td>\n<\/tr>\n<\/table>\n","protected":false},"excerpt":{"rendered":"<p>Neben der Flora, den Blumen, Str\u00e4uchern und B\u00e4umen, macht besonders auch die Fauna einen lebendigen Garten aus. Klar, ohne Bienen und den anderen flei\u00dfigen Insekten, die die Bl\u00fcten best\u00e4uben, w\u00e4re ein solcher Garten sehr schnell eine Ger\u00f6llw\u00fcste. Marienk\u00e4fer sind in diesem Jahr sehr zahlreich vorhanden, vielleicht zu zahlreich. In Norddeutschland haben wir geradezu eine Invasion. &hellip; <a href=\"https:\/\/willizblog.de\/?p=2039\" class=\"more-link\"><span class=\"screen-reader-text\">Fauna im Garten<\/span> weiterlesen <span class=\"meta-nav\">&rarr;<\/span><\/a><\/p>\n","protected":false},"author":1,"featured_media":0,"comment_status":"open","ping_status":"open","sticky":false,"template":"","format":"standard","meta":[],"categories":[16,20],"tags":[],"_links":{"self":[{"href":"https:\/\/willizblog.de\/index.php?rest_route=\/wp\/v2\/posts\/2039"}],"collection":[{"href":"https:\/\/willizblog.de\/index.php?rest_route=\/wp\/v2\/posts"}],"about":[{"href":"https:\/\/willizblog.de\/index.php?rest_route=\/wp\/v2\/types\/post"}],"author":[{"embeddable":true,"href":"https:\/\/willizblog.de\/index.php?rest_route=\/wp\/v2\/users\/1"}],"replies":[{"embeddable":true,"href":"https:\/\/willizblog.de\/index.php?rest_route=%2Fwp%2Fv2%2Fcomments&post=2039"}],"version-history":[{"count":0,"href":"https:\/\/willizblog.de\/index.php?rest_route=\/wp\/v2\/posts\/2039\/revisions"}],"wp:attachment":[{"href":"https:\/\/willizblog.de\/index.php?rest_route=%2Fwp%2Fv2%2Fmedia&parent=2039"}],"wp:term":[{"taxonomy":"category","embeddable":true,"href":"https:\/\/willizblog.de\/index.php?rest_route=%2Fwp%2Fv2%2Fcategories&post=2039"},{"taxonomy":"post_tag","embeddable":true,"href":"https:\/\/willizblog.de\/index.php?rest_route=%2Fwp%2Fv2%2Ftags&post=2039"}],"curies":[{"name":"wp","href":"https:\/\/api.w.org\/{rel}","templated":true}]}}