{"id":2059,"date":"2009-08-20T10:37:26","date_gmt":"2009-08-20T08:37:26","guid":{"rendered":"http:\/\/www.willizblog.de\/?p=2059"},"modified":"2009-08-20T10:59:05","modified_gmt":"2009-08-20T08:59:05","slug":"zu-schnell-fur-eine-frau","status":"publish","type":"post","link":"https:\/\/willizblog.de\/?p=2059","title":{"rendered":"Zu schnell f\u00fcr eine Frau?"},"content":{"rendered":"<p>Nachdem die 18-j\u00e4hrige S\u00fcdafrikanerin <a href=\"https:\/\/de.wikipedia.org\/wiki\/Caster_Semenya\" target=\"_blank\">Caster Semenya<\/a> im Endlauf \u00fcber 800 m den Favoritinnen enteilte und Gold gewann, wurde es publik: Bei den Herren (vielleicht auch Damen) des Leichtathletik-Weltverbandes IAAF bestehen Bedenken hinsichtlich der Weiblichkeit der Siegerin. So wurde Caster Semenya einem Geschlechtstest unterzogen. Das best\u00e4tigte der Verband am Mittwoch. Zweifel, ob die 18-J\u00e4hrige eine Frau ist, waren wegen ihrer m\u00e4nnlichen Erscheinung aufgekommen. Die Ergebnisse der genetischen Untersuchung sollen innerhalb einer Woche vorliegen. Caster Semenya war vor drei Wochen aus dem Nichts kommend mit einer Zeit von 1:56,72 Minuten Weltjahresbestzeit gelaufen. Und nun der Sieg bei der Leichtathletik-Weltmeisterschaft in Berlin in neuer pers\u00f6nlicher Bestzeit.<\/p>\n<p><img src=\"https:\/\/www.willizblog.de\/blogpicts\/caster_semenya.jpg\" alt=\"Mann oder Frau? Caster Semenya\" \/><\/p>\n<p>Bei der \u00fcblichen Pressekonferenz der Medaillengewinner erschien Semenya nicht. Der Weltverband sah sich gezwungen, die 18-j\u00e4hrige S\u00fcdafrikanerin zu sch\u00fctzen. Auf ihrem Platz sa\u00df IAAF-Generalsekret\u00e4r Pierre Weiss und entschuldigte das Fehlen der Siegerin mit dem Hinweis, dass Semenya \u201enicht darauf vorbereitet ist, auf ihre Fragen zu antworten\u201c. <\/p>\n<p><img src=\"https:\/\/www.willizblog.de\/blogpicts\/caster_semenya_fotofinish.jpg\" alt=\"800 m Endlauf Leichtathletik WM 2009: Fotofinish\" \/><\/p>\n<p>Geschlechtstests wurden bei den Olympischen Spielen 1968 eingef\u00fchrt, nachdem eine Reihe von osteurop\u00e4ischen Athleten in Verdacht geraten waren. Vor den Sommerspielen 2000 in Sydney wurde die sogenannte &#8222;Gender verification&#8220; jedoch wieder abgeschafft und ist seitdem nur noch in strittigen F\u00e4llen vorgesehen. <\/p>\n<p>Da gab es in den 60er Jahren den Fall der <a href=\"http:\/\/www.wisegeek.com\/who-are-tamara-and-irina-press.htm\" target=\"_blank\">Press-Schwestern<\/a>. <a href=\"https:\/\/de.wikipedia.org\/wiki\/Tamara_Press\" target=\"_blank\">Tamara Press<\/a>, Olympiasiegerin in Kugelsto\u00dfen und Diskuswerfen, <a href=\"https:\/\/de.wikipedia.org\/wiki\/Irina_Press\" target=\"_blank\">Irina Press<\/a>, die j\u00fcngere Schwester, Olympiasiegerin im 80-Meter-H\u00fcrdenlauf und im F\u00fcnfkampf.<\/p>\n<p><img src=\"https:\/\/www.willizblog.de\/blogpicts\/tamara_irina_press.jpg\" alt=\"Irina und Tamara Press\" \/><\/p>\n<p>Den beiden Schwestern wurde nachgesagt, ihr Geschlecht k\u00f6nne nicht festgelegt werden. Sie galten manchen schon bald zumindest als <a href=\"https:\/\/de.wikipedia.org\/wiki\/Hermaphroditismus\" target=\"_blank\">Hermaphroditen<\/a>, also Zwitterwesen; nach anderer Ansicht waren sie mit m\u00e4nnlichen Hormonen gedopt. Sp\u00f6tter nannten die beiden \u201ePress Brothers\u201c. Nachdem die Bestimmung des Geschlechts f\u00fcr alle international auftretenden Sportler 1968 zur Pflicht wurde, verschwanden beide Sportlerinnen von der Sportlerb\u00fchne. Die westliche Presse verstand diesen R\u00fcckzug als Eingest\u00e4ndnis. Die russischen Zeitungen dementieren dies bis heute.<\/p>\n<p>Der Name \u201aTamara Press\u2019 war lange Zeit ein Synonym f\u00fcr ein \u201agewaltiges\u2019 Mannweib. Ein anderer Fall von Hermaphroditismus (oder genauer <a href=\"https:\/\/de.wikipedia.org\/wiki\/Intersexualit%C3%A4t\" target=\"_blank\">Intersexualit\u00e4t<\/a>) in der Leichtathletik war der Fall der <a href=\"https:\/\/de.wikipedia.org\/wiki\/Stanis%C5%82awa_Walasiewicz\" target=\"_blank\">Stella Walsh<\/a> aka Stanis?awa Walasiewicz. Die als Polin geborene Amerikanerin holte \u00fcber 100 Meter 1932 in Los Angeles Gold und vier Jahre sp\u00e4ter in Berlin Silber. Als sie 1980 bei einem \u00dcberfall erschossen wurde, stellte sich heraus, dass Walsh m\u00e4nnliche Geschlechtsorgane hatte.<\/p>\n","protected":false},"excerpt":{"rendered":"<p>Nachdem die 18-j\u00e4hrige S\u00fcdafrikanerin Caster Semenya im Endlauf \u00fcber 800 m den Favoritinnen enteilte und Gold gewann, wurde es publik: Bei den Herren (vielleicht auch Damen) des Leichtathletik-Weltverbandes IAAF bestehen Bedenken hinsichtlich der Weiblichkeit der Siegerin. So wurde Caster Semenya einem Geschlechtstest unterzogen. Das best\u00e4tigte der Verband am Mittwoch. Zweifel, ob die 18-J\u00e4hrige eine Frau &hellip; <a href=\"https:\/\/willizblog.de\/?p=2059\" class=\"more-link\"><span class=\"screen-reader-text\">Zu schnell f\u00fcr eine Frau?<\/span> weiterlesen <span class=\"meta-nav\">&rarr;<\/span><\/a><\/p>\n","protected":false},"author":1,"featured_media":0,"comment_status":"open","ping_status":"open","sticky":false,"template":"","format":"standard","meta":[],"categories":[4],"tags":[],"_links":{"self":[{"href":"https:\/\/willizblog.de\/index.php?rest_route=\/wp\/v2\/posts\/2059"}],"collection":[{"href":"https:\/\/willizblog.de\/index.php?rest_route=\/wp\/v2\/posts"}],"about":[{"href":"https:\/\/willizblog.de\/index.php?rest_route=\/wp\/v2\/types\/post"}],"author":[{"embeddable":true,"href":"https:\/\/willizblog.de\/index.php?rest_route=\/wp\/v2\/users\/1"}],"replies":[{"embeddable":true,"href":"https:\/\/willizblog.de\/index.php?rest_route=%2Fwp%2Fv2%2Fcomments&post=2059"}],"version-history":[{"count":0,"href":"https:\/\/willizblog.de\/index.php?rest_route=\/wp\/v2\/posts\/2059\/revisions"}],"wp:attachment":[{"href":"https:\/\/willizblog.de\/index.php?rest_route=%2Fwp%2Fv2%2Fmedia&parent=2059"}],"wp:term":[{"taxonomy":"category","embeddable":true,"href":"https:\/\/willizblog.de\/index.php?rest_route=%2Fwp%2Fv2%2Fcategories&post=2059"},{"taxonomy":"post_tag","embeddable":true,"href":"https:\/\/willizblog.de\/index.php?rest_route=%2Fwp%2Fv2%2Ftags&post=2059"}],"curies":[{"name":"wp","href":"https:\/\/api.w.org\/{rel}","templated":true}]}}