{"id":2075,"date":"2009-08-26T00:01:02","date_gmt":"2009-08-25T22:01:02","guid":{"rendered":"http:\/\/www.willizblog.de\/?p=2075"},"modified":"2009-08-25T14:24:04","modified_gmt":"2009-08-25T12:24:04","slug":"statt-doppel-sechs-wieder-die-raute","status":"publish","type":"post","link":"https:\/\/willizblog.de\/?p=2075","title":{"rendered":"Statt Doppel-Sechs wieder die Raute"},"content":{"rendered":"<p>Die neue Bundesliga-Saison ist gestartet. Und da die Wechselb\u00f6rse erst mit dem 31. August schlie\u00dft, haben sich einige Mannschaften noch <a href=\"http:\/\/fussball.zdf.de\/ZDFsport\/inhalt\/10\/0,5676,7597002,00.html\" target=\"_blank\">\u201aNachschlag\u2019<\/a> geholt. Bei Werder Bremen hat man wochenlang um den Spieler Claudio Pizarro verhandelt; er war f\u00fcr die letzte Saison vom FC Chelsea nur ausgeliehen. F\u00fcr 5 Millionen Euro Abl\u00f6se (transfermarkt.de spricht sogar nur von 2 Millionen) kam er jetzt endg\u00fcltig an die Weser \u2013 und hatte gleich in seinem ersten Bundesligaspiel am Samstag gegen die Fohlen aus M\u00f6nchengladbach mit zwei Toren einen starken Einstand. F\u00fcr ihn musste Boubacar Sanogo weichen, der in der letzten Saison an 1899 Hoffenheim ausgeliehen war, jetzt nach Frankreich zum AS St. Etienne wechselte. Pizarro (Marktwert 12 Millionen) kostete also 5 Millionen, f\u00fcr Sanogo (Marktwert 3 Millionen) bekam Werder dagegen 4 Millionen \u2013 da haben Klaus Allofs und Co. wirklich kaufm\u00e4nnisches Talent an den Tag gelegt (Daten siehe bei <a href=\"http:\/\/www.transfermarkt.de\/de\/wettbewerb\/L1\/1-bundesliga\/transfers\/2009\/transferuebersicht.html\" target=\"_blank\">transfermarkt.de<\/a>). Wenn, dann denkt man bei Werder Bremen nur noch daran, den <a href=\"http:\/\/www.transfermarkt.de\/de\/news\/30706\/werder-will-kader-verkleinern.html\" target=\"_blank\">Kader zu verkleinern<\/a>.<\/p>\n<p>Der Start der Bremer in die neue Saison war ziemlich \u201edurchwachsen\u201c und lie\u00df Bef\u00fcrchtungen aufkommen, es k\u00f6nne wie im letzten Jahr weitergehen. Nach einem Sieg im DFB-Pokal bei Union Berlin (zz. \u00fcberraschend Tabellenerster der 2. Liga) mit 5:0, setzte es im ersten Spiel Zuhause gegen Frankfurt gleich eine 2:3-Klatsche. Aber in M\u00fcnchen gegen die Bayern konnte man beim 1.1 immerhin punkten \u2013 und jetzt mit Pizarro gab es auch den ersten Dreier in der Bundesliga. In der neu geschaffenen UEFA Europa League gewann man das erste Spiel in den Play-Offs gegen den Meister aus Kasachstan FK Aktobe nach anf\u00e4nglichen Schwierigkeiten (besonders in der Abwehr) 6:3 im Weserstadion. Im R\u00fcckspiel morgen am Donnerstag soll dann alles klargemacht werden f\u00fcr die Gruppenphase der Europa League.<\/p>\n<p><img src=\"https:\/\/www.willizblog.de\/blogpicts\/werder0910_st03_pizarro_marin.jpg\" alt=\"3. Spieltag: Pizarro und Marin beim 3:0 gegen Gladbach\" \/><\/p>\n<p>Der Aufw\u00e4rtstrend bei Werder h\u00e4ngt vielleicht auch damit zusammen, dass man <a href=\"http:\/\/www.werder.de\/aktuelles\/news\/meldung.php\/16330\/Gute-Ordnung-und-Laufbereitschaft-bei-RautenComeback\" target=\"_blank\">statt der Doppel-Sechs wieder die Raute<\/a> spielt. Doppel-Sechs? Raute? Die <a href=\"https:\/\/de.wikipedia.org\/wiki\/Doppelsechs\" target=\"_blank\">Doppel-Sechs<\/a> sind zwei defensiv eingestellte Mittelfeldspieler (defensive Mittelfeldspieler tragen traditionell die Trikotnummer 6) vor der <a href=\"https:\/\/de.wikipedia.org\/wiki\/Viererkette\" target=\"_blank\">Viererabwehrkette<\/a> und wird z.B. beim 4-2-3-1-System (vor 4 Abwehrspielern agieren 2 defensive und drei eher offensive Mittelfeldspieler \u2013 vor denen ein St\u00fcrmer) gespielt; die Raute findet sich z.B. beim 4-4-2 (4 Verteidiger \u2013 4 Mittelfeldspieler und zwei St\u00fcrmer), wobei ein Mittelfeldspieler defensiv, zwei zentral und einer offensiv operiert. Soviel zu <a href=\"https:\/\/de.wikipedia.org\/wiki\/Taktik_(Fu%C3%9Fball)\" target=\"_blank\">taktischen Fu\u00dfballsystemen<\/a>.<\/p>\n<p>W\u00e4hrend Werder Bremen also den Anschluss nach oben sucht, versuchen die Bayern ihre erste Krise zu bew\u00e4ltigen. Aus drei Spielen holte das mit vielen Millionen Euro aufger\u00fcstete Team gerade einmal zwei Punkte. Der neue Besen, der niederl\u00e4ndische Zuchtmeister Louis van Gaal, kehrt bisher nicht allzu gut. Verwunderlich auch die skurrilen Ideen des Mynheer van Gaals, Klose, den St\u00fcrmer, als Mittelfeldspieler bzw. Schweinsteiger als Sechser (siehe oben) aufzubieten. <em>Die Mannschaft wirkt zz. v\u00f6llig verunsichert, so als wolle sie ihren gestrengen Herrn nicht entt\u00e4uschen. Damit scheint jeglicher Raum f\u00fcr individuelles Handeln und Spontaneit\u00e4t genommen. Ausnahme: der franz\u00f6sische Anarchist Franck Rib\u00e9ry, der aber bei jeder Gelegenheit vom Coach kleingekocht wird<\/em> (<a href=\"http:\/\/sportstudio.zdf.de\/ZDFde\/inhalt\/23\/0,1872,7618423,00.html\" target=\"_blank\">O-Ton B\u00e9la R\u00e9thy, ZDF<\/a>). Nach Klinsmann also die n\u00e4chste Trainerpleite? Oder sind es nicht die Trainer? Sind die Bayern einfach untrainierbar? Wir werden es sehen. Wahrscheinlich liegt es daran, dass sich in M\u00fcnchen eine Anspruchshaltung entwickelt hat, die den jetzigen Fehlstart zu einem Desaster macht. F\u00fcr alle anderen gibt es daf\u00fcr jede Menge Schadenfreude.<\/p>\n<p>Neue Saison, neue Spiele und neues Gl\u00fcck! Es ist immer schon einmal ganz gut, wenn die Bayern gleich am Anfang einen auf den Deckel bekommen. Was wohl <a href=\"http:\/\/www.zdf.de\/ZDFmediathek\/content\/815544?inPopup=true\" target=\"_blank\">Uli Hoene\u00df<\/a> dazu zu sagen h\u00e4tte?<\/p>\n","protected":false},"excerpt":{"rendered":"<p>Die neue Bundesliga-Saison ist gestartet. Und da die Wechselb\u00f6rse erst mit dem 31. August schlie\u00dft, haben sich einige Mannschaften noch \u201aNachschlag\u2019 geholt. Bei Werder Bremen hat man wochenlang um den Spieler Claudio Pizarro verhandelt; er war f\u00fcr die letzte Saison vom FC Chelsea nur ausgeliehen. F\u00fcr 5 Millionen Euro Abl\u00f6se (transfermarkt.de spricht sogar nur von &hellip; <a href=\"https:\/\/willizblog.de\/?p=2075\" class=\"more-link\"><span class=\"screen-reader-text\">Statt Doppel-Sechs wieder die Raute<\/span> weiterlesen <span class=\"meta-nav\">&rarr;<\/span><\/a><\/p>\n","protected":false},"author":1,"featured_media":0,"comment_status":"open","ping_status":"open","sticky":false,"template":"","format":"standard","meta":[],"categories":[27],"tags":[],"_links":{"self":[{"href":"https:\/\/willizblog.de\/index.php?rest_route=\/wp\/v2\/posts\/2075"}],"collection":[{"href":"https:\/\/willizblog.de\/index.php?rest_route=\/wp\/v2\/posts"}],"about":[{"href":"https:\/\/willizblog.de\/index.php?rest_route=\/wp\/v2\/types\/post"}],"author":[{"embeddable":true,"href":"https:\/\/willizblog.de\/index.php?rest_route=\/wp\/v2\/users\/1"}],"replies":[{"embeddable":true,"href":"https:\/\/willizblog.de\/index.php?rest_route=%2Fwp%2Fv2%2Fcomments&post=2075"}],"version-history":[{"count":0,"href":"https:\/\/willizblog.de\/index.php?rest_route=\/wp\/v2\/posts\/2075\/revisions"}],"wp:attachment":[{"href":"https:\/\/willizblog.de\/index.php?rest_route=%2Fwp%2Fv2%2Fmedia&parent=2075"}],"wp:term":[{"taxonomy":"category","embeddable":true,"href":"https:\/\/willizblog.de\/index.php?rest_route=%2Fwp%2Fv2%2Fcategories&post=2075"},{"taxonomy":"post_tag","embeddable":true,"href":"https:\/\/willizblog.de\/index.php?rest_route=%2Fwp%2Fv2%2Ftags&post=2075"}],"curies":[{"name":"wp","href":"https:\/\/api.w.org\/{rel}","templated":true}]}}