{"id":208,"date":"2005-07-19T09:07:38","date_gmt":"2005-07-19T08:07:38","guid":{"rendered":"http:\/\/www.albinz.de\/blog\/?p=208"},"modified":"2009-09-22T11:19:24","modified_gmt":"2009-09-22T09:19:24","slug":"westerwelles-turnubungen","status":"publish","type":"post","link":"https:\/\/willizblog.de\/?p=208","title":{"rendered":"Westerwelles Turn\u00fcbungen"},"content":{"rendered":"<p>Da will sich Guido Westerwelle und seine FDP als Steuersenkungspartei f\u00fcr den kommenden Wahlkampf profilieren und verk\u00fcndet lauthals, dass eine Mehrwertsteuererh\u00f6hung nicht in Frage kommt.<\/p>\n<p>Aber bekanntlich ist die Machtgier bei einigen Politikern gr\u00f6\u00dfer als ihre Absichten aufrichtig sind. Und so deutet Herr Westerwelle im Streit mit der Union um eine Erh\u00f6hung der Mehrwertsteuer Kompromissbereitschaft an: &#8222;Ich werde nicht gesetzm\u00e4\u00dfig niemals sagen.&#8220; (So im <a href=\"http:\/\/www.zdf.de\/\" target=\"_blank\">ZDF<\/a>-Sommerinterview). Diese Art der geistigen Verrenkung wird bestimmt als <strong>&#8218;Westerwelle&#8216;<\/strong> in die Geschichte eingehen. Vielleicht sollte man auch die FDP nicht w\u00e4hlen, wenn man keine Mehrwertsteuererh\u00f6hung will.<\/p>\n","protected":false},"excerpt":{"rendered":"<p>Da will sich Guido Westerwelle und seine FDP als Steuersenkungspartei f\u00fcr den kommenden Wahlkampf profilieren und verk\u00fcndet lauthals, dass eine Mehrwertsteuererh\u00f6hung nicht in Frage kommt. Aber bekanntlich ist die Machtgier bei einigen Politikern gr\u00f6\u00dfer als ihre Absichten aufrichtig sind. Und so deutet Herr Westerwelle im Streit mit der Union um eine Erh\u00f6hung der Mehrwertsteuer Kompromissbereitschaft &hellip; <a href=\"https:\/\/willizblog.de\/?p=208\" class=\"more-link\"><span class=\"screen-reader-text\">Westerwelles Turn\u00fcbungen<\/span> weiterlesen <span class=\"meta-nav\">&rarr;<\/span><\/a><\/p>\n","protected":false},"author":1,"featured_media":0,"comment_status":"closed","ping_status":"closed","sticky":false,"template":"","format":"standard","meta":[],"categories":[29],"tags":[],"_links":{"self":[{"href":"https:\/\/willizblog.de\/index.php?rest_route=\/wp\/v2\/posts\/208"}],"collection":[{"href":"https:\/\/willizblog.de\/index.php?rest_route=\/wp\/v2\/posts"}],"about":[{"href":"https:\/\/willizblog.de\/index.php?rest_route=\/wp\/v2\/types\/post"}],"author":[{"embeddable":true,"href":"https:\/\/willizblog.de\/index.php?rest_route=\/wp\/v2\/users\/1"}],"replies":[{"embeddable":true,"href":"https:\/\/willizblog.de\/index.php?rest_route=%2Fwp%2Fv2%2Fcomments&post=208"}],"version-history":[{"count":0,"href":"https:\/\/willizblog.de\/index.php?rest_route=\/wp\/v2\/posts\/208\/revisions"}],"wp:attachment":[{"href":"https:\/\/willizblog.de\/index.php?rest_route=%2Fwp%2Fv2%2Fmedia&parent=208"}],"wp:term":[{"taxonomy":"category","embeddable":true,"href":"https:\/\/willizblog.de\/index.php?rest_route=%2Fwp%2Fv2%2Fcategories&post=208"},{"taxonomy":"post_tag","embeddable":true,"href":"https:\/\/willizblog.de\/index.php?rest_route=%2Fwp%2Fv2%2Ftags&post=208"}],"curies":[{"name":"wp","href":"https:\/\/api.w.org\/{rel}","templated":true}]}}