{"id":21,"date":"2005-02-09T19:01:37","date_gmt":"2005-02-09T18:01:37","guid":{"rendered":"http:\/\/www.albinz.de\/blog\/?p=21"},"modified":"2005-10-20T11:53:13","modified_gmt":"2005-10-20T09:53:13","slug":"abzocke-bei-gas-und-strom","status":"publish","type":"post","link":"https:\/\/willizblog.de\/?p=21","title":{"rendered":"Abzocke bei Gas und Strom"},"content":{"rendered":"<p>Zum 01.09.2004 sind bei uns die Gaspreise um 13,3 %, ab 01.02.2005 die Strompreise um rund 6 % gestiegen, obwohl lt. dem  Bundesamt f\u00fcr Wirtschaft und Ausfuhrkontrolle (BAFA) der durchschnittliche  Einfuhrpreis f\u00fcr Gas im Zeitraum Januar bis Oktober 2004 gegen\u00fcber dem Vorjahreszeitraum 2003 um 7,7 % gefallen ist. Meine Anfrage bei der EWE Aktiengesellschaft nach der Rechtm\u00e4\u00dfigkeit solcher Preiserh\u00f6hungen erfuhr in nur wenigen Tagen eine sehr umfassende, nat\u00fcrlich  standardisierte Antwort. Alles sei nat\u00fcrlich rechtens und von der Regulierungsbeh\u00f6rde abgesegnet. Mein Verweis auf die Preissenkung beim Gas sei nat\u00fcrlich kalter Kaffee. Daf\u00fcr sollte ich doch wissen, dass die \u00d6lpreise so hoch wie lange nicht seien (Was ich auch wei\u00df: Die \u00d6lpreise sind l\u00e4ngst wieder gefallen &#8211; wer schl\u00fcrft da kalten Kaffee?). Und der Strompreis sei deshalb so hoch, weil man selbst eigentlich keinen (oder nur wenig) Strom produziere und diesen zu Weltmarktpreisen kaufen m\u00fcsse. Verweis auf China (die brauchen so viel Energie &#8211; daher sind die Preise eben so hoch)!<\/p>\n<p>Apropos \u00d6lpreise (wir brauchen kein \u00d6l): Da gibt es nat\u00fcrlich die Preisbindung f\u00fcr Gas an den \u00d6lpreis. Eine tolle Erfindung  \u00fcbrigens: Wenn n\u00e4mlich der \u00d6lpreis steigt, dann steigt auch der Gaspreis. Und wenn jener f\u00e4llt, dann f\u00e4llt auch dieser (vielleicht). Und vor vielen, vielen Jahren, da war doch das Gas so teuer und das \u00d6l so billig &#8211; und da hat man, wenn man Gas verbrauchte, so viel Geld gespart, damals (dieser kalte Kaffee ist schon schimmlig)?!<\/p>\n<p>Es tut mir Leid: F\u00fcr mich ist das nichts anderes als eine Abzocke ersten Grades! Die Aktion\u00e4re wollen Kohle sehen. Und da die Energieversorger ja schlecht ihr Gas und ihren Strom im Ausland verkaufen k\u00f6nnen (schlie\u00dflich kann man den ins Ausland fl\u00fcchtenden produzierenden Firmen aus Deutschland nicht solche Preise zumuten), wird der deutsche Normalverbraucher zur Kasse gebeten.<\/p>\n","protected":false},"excerpt":{"rendered":"<p>Zum 01.09.2004 sind bei uns die Gaspreise um 13,3 %, ab 01.02.2005 die Strompreise um rund 6 % gestiegen, obwohl lt. dem Bundesamt f\u00fcr Wirtschaft und Ausfuhrkontrolle (BAFA) der durchschnittliche Einfuhrpreis f\u00fcr Gas im Zeitraum Januar bis Oktober 2004 gegen\u00fcber dem Vorjahreszeitraum 2003 um 7,7 % gefallen ist. Meine Anfrage bei der EWE Aktiengesellschaft nach &hellip; <a href=\"https:\/\/willizblog.de\/?p=21\" class=\"more-link\"><span class=\"screen-reader-text\">Abzocke bei Gas und Strom<\/span> weiterlesen <span class=\"meta-nav\">&rarr;<\/span><\/a><\/p>\n","protected":false},"author":1,"featured_media":0,"comment_status":"closed","ping_status":"closed","sticky":false,"template":"","format":"standard","meta":[],"categories":[1,2],"tags":[],"_links":{"self":[{"href":"https:\/\/willizblog.de\/index.php?rest_route=\/wp\/v2\/posts\/21"}],"collection":[{"href":"https:\/\/willizblog.de\/index.php?rest_route=\/wp\/v2\/posts"}],"about":[{"href":"https:\/\/willizblog.de\/index.php?rest_route=\/wp\/v2\/types\/post"}],"author":[{"embeddable":true,"href":"https:\/\/willizblog.de\/index.php?rest_route=\/wp\/v2\/users\/1"}],"replies":[{"embeddable":true,"href":"https:\/\/willizblog.de\/index.php?rest_route=%2Fwp%2Fv2%2Fcomments&post=21"}],"version-history":[{"count":0,"href":"https:\/\/willizblog.de\/index.php?rest_route=\/wp\/v2\/posts\/21\/revisions"}],"wp:attachment":[{"href":"https:\/\/willizblog.de\/index.php?rest_route=%2Fwp%2Fv2%2Fmedia&parent=21"}],"wp:term":[{"taxonomy":"category","embeddable":true,"href":"https:\/\/willizblog.de\/index.php?rest_route=%2Fwp%2Fv2%2Fcategories&post=21"},{"taxonomy":"post_tag","embeddable":true,"href":"https:\/\/willizblog.de\/index.php?rest_route=%2Fwp%2Fv2%2Ftags&post=21"}],"curies":[{"name":"wp","href":"https:\/\/api.w.org\/{rel}","templated":true}]}}