{"id":2112,"date":"2009-09-05T13:00:27","date_gmt":"2009-09-05T11:00:27","guid":{"rendered":"http:\/\/www.willizblog.de\/?p=2112"},"modified":"2009-09-05T13:04:33","modified_gmt":"2009-09-05T11:04:33","slug":"5-d-berlin-%e2%80%93-24-h-berlin","status":"publish","type":"post","link":"https:\/\/willizblog.de\/?p=2112","title":{"rendered":"5 d Berlin \u2013 24 h Berlin"},"content":{"rendered":"<p>Am Montag f\u00e4hrt der j\u00fcngere meiner zwei S\u00f6hne f\u00fcr f\u00fcnf Tage auf Klassenfahrt nach Berlin. Heute sendet Arte das Dokuspezial <a href=\"http:\/\/www.arte.tv\/24hberlin\" target=\"_blank\">\u201e24 h Berlin \u2013 Ein Tag im Leben\u201c<\/a> nach einer Idee von Volker Heise: die l\u00e4ngste TV-Produktion in der Geschichte des Fernsehens. 80 Drehteams (u.a. mit Rosa von Praunheim, Romuald Karmakar und Volker Koepp) haben vor genau einen Jahr 24 Stunden in der Hauptstadt gefilmt und zeigen den Alltag der Berliner. Durch ihre innovative Struktur kann die 24-Stunden-Sendung (l\u00e4uft bereits seit 6 Uhr) jederzeit eingeschaltet werden. Dazu gibt es Live-Blogging, Chats und Infos auf der Arte-Website.<\/p>\n<p><img src=\"https:\/\/www.willizblog.de\/blogpicts\/24h_berlin.jpg\" alt=\"24 h Berlin\" \/><\/p>\n","protected":false},"excerpt":{"rendered":"<p>Am Montag f\u00e4hrt der j\u00fcngere meiner zwei S\u00f6hne f\u00fcr f\u00fcnf Tage auf Klassenfahrt nach Berlin. Heute sendet Arte das Dokuspezial \u201e24 h Berlin \u2013 Ein Tag im Leben\u201c nach einer Idee von Volker Heise: die l\u00e4ngste TV-Produktion in der Geschichte des Fernsehens. 80 Drehteams (u.a. mit Rosa von Praunheim, Romuald Karmakar und Volker Koepp) haben &hellip; <a href=\"https:\/\/willizblog.de\/?p=2112\" class=\"more-link\"><span class=\"screen-reader-text\">5 d Berlin \u2013 24 h Berlin<\/span> weiterlesen <span class=\"meta-nav\">&rarr;<\/span><\/a><\/p>\n","protected":false},"author":1,"featured_media":0,"comment_status":"open","ping_status":"open","sticky":false,"template":"","format":"standard","meta":[],"categories":[10],"tags":[],"_links":{"self":[{"href":"https:\/\/willizblog.de\/index.php?rest_route=\/wp\/v2\/posts\/2112"}],"collection":[{"href":"https:\/\/willizblog.de\/index.php?rest_route=\/wp\/v2\/posts"}],"about":[{"href":"https:\/\/willizblog.de\/index.php?rest_route=\/wp\/v2\/types\/post"}],"author":[{"embeddable":true,"href":"https:\/\/willizblog.de\/index.php?rest_route=\/wp\/v2\/users\/1"}],"replies":[{"embeddable":true,"href":"https:\/\/willizblog.de\/index.php?rest_route=%2Fwp%2Fv2%2Fcomments&post=2112"}],"version-history":[{"count":0,"href":"https:\/\/willizblog.de\/index.php?rest_route=\/wp\/v2\/posts\/2112\/revisions"}],"wp:attachment":[{"href":"https:\/\/willizblog.de\/index.php?rest_route=%2Fwp%2Fv2%2Fmedia&parent=2112"}],"wp:term":[{"taxonomy":"category","embeddable":true,"href":"https:\/\/willizblog.de\/index.php?rest_route=%2Fwp%2Fv2%2Fcategories&post=2112"},{"taxonomy":"post_tag","embeddable":true,"href":"https:\/\/willizblog.de\/index.php?rest_route=%2Fwp%2Fv2%2Ftags&post=2112"}],"curies":[{"name":"wp","href":"https:\/\/api.w.org\/{rel}","templated":true}]}}