{"id":2117,"date":"2009-09-07T00:01:39","date_gmt":"2009-09-06T22:01:39","guid":{"rendered":"http:\/\/www.willizblog.de\/?p=2117"},"modified":"2009-09-06T17:12:07","modified_gmt":"2009-09-06T15:12:07","slug":"willkommen-bei-den-sch%e2%80%99tis","status":"publish","type":"post","link":"https:\/\/willizblog.de\/?p=2117","title":{"rendered":"Willkommen bei den Sch\u2019tis"},"content":{"rendered":"<p>\u00dcber 20 Millionen Franzosen haben den Film gesehen: <a href=\"https:\/\/de.wikipedia.org\/wiki\/Willkommen_bei_den_Sch%E2%80%99tis\" target=\"_blank\">Willkommen bei den Sch\u2019tis<\/a> (Originaltitel: Bienvenue chez les Ch\u2019tis) ist eine franz\u00f6sische Filmkom\u00f6die von Dany Boon mit Kad Merad und Dany Boon in den Hauptrollen. Am Samstagabend habe ich den Film nun mit meinem j\u00fcngeren Sohn angeschaut. Der Titel des Films spielt auf die nordfranz\u00f6sische <a href=\"https:\/\/de.wikipedia.org\/wiki\/Picardische_Sprache\" target=\"_blank\">picardische Sprache<\/a> an, die auch Ch&#8217;ti genannt wird. Ihre Sprecher hei\u00dfen \u201eles Ch&#8217;tis\u201c.<\/p>\n<p>Zum Inhalt: <em>Philippe Abrams (Kad Merad) ist Filialleiter einer kleinen Poststelle in der Provence. Aufgrund der Launen seiner Ehefrau Julie (Zo\u00e9 F\u00e9lix) bem\u00fcht er sich seit einiger Zeit, an die sonnige Cote d\u00b4Azur versetzt zu werden, um ihr wankelm\u00fctiges Gem\u00fct etwas aufzuheitern. Dank der Bem\u00fchungen seines Freundes Jean (Stephane Freiss) gelingt es ihm beinahe, die begehrte Stelle zu ergattern, doch ein Konkurrent erweist sich als behindert und wird daher bevorzugt. Bei der n\u00e4chsten Bewerbung m\u00f6chte Philippe nicht erneut leer ausgehen und gibt sich trotz gro\u00dfen Bedenken seitens Jeans als Rollstuhlfahrer aus. Prompt wird er bei einer routinem\u00e4\u00dfigen Kontrolle der Beh\u00f6rden als skrupelloser Betr\u00fcger entlarvt \u2013 und in den ungeliebten Norden Frankreichs, in die Region Nord-Pas-de-Calais, strafversetzt. \u00dcber die Region und besonders deren angeblich besonders einf\u00e4ltigen Einwohner werden sich im S\u00fcden oft wahre Horrorgeschichten erz\u00e4hlt. Insbesondere die primitive Sprache der Nordfranzosen steht h\u00e4ufig im Zentrum der Kritik.<\/em><\/p>\n<p><em>Daher ist eine der Hauptattraktionen des Films der lokale \u201eCh\u2019ti\u201c-Dialekt, der &#8211; beeinflusst vom Fl\u00e4mischen &#8211; selbst so manchen muttersprachlichen Franzosen vor erhebliche Verst\u00e4ndnisprobleme stellt. Dieses Kauderwelsch angemessen ins Deutsche zu \u00fcbertragen, war keine leichte Aufgabe, denn die \u00dcbersetzung in eine deutsche Mundart (etwa das Schw\u00e4bische) h\u00e4tte schlicht deplatziert gewirkt. Folglich entschloss sich der deutsche Verleih, eine neuartige Kunstsprache zu entwickeln, was sicherlich grandios h\u00e4tte scheitern k\u00f6nnen, doch wider Erwarten gelang.<\/em><\/p>\n<p><em>Auch wenn den meisten deutschen Zuschauern die Problematik, auf die sich \u201eWillkommen bei den Sch\u2019tis\u201c st\u00fctzt, unbekannt sein d\u00fcrfte, handelt es sich doch um ein so universelles Thema, dass es sich wohl in jedem Land der Erde nachvollziehen lassen d\u00fcrfte.<\/em><\/p>\n<p><object width=\"425\" height=\"344\"><param name=\"movie\" value=\"https:\/\/www.youtube.com\/v\/KzECXbzfOqI&#038;hl=de&#038;fs=1&#038;\"><\/param><param name=\"allowFullScreen\" value=\"true\"><\/param><param name=\"allowscriptaccess\" value=\"always\"><\/param><embed src=\"https:\/\/www.youtube.com\/v\/KzECXbzfOqI&#038;hl=de&#038;fs=1&#038;\" type=\"application\/x-shockwave-flash\" allowscriptaccess=\"always\" allowfullscreen=\"true\" width=\"425\" height=\"344\"><\/embed><\/object><br \/>\nWillkommen bei den Sch&#8217;tis (siehe auch <a href=\"https:\/\/www.youtube.com\/watch?v=QOqcqEu2Qrs\" target=\"_blank\">den Trailer<\/a> hierzu)<\/p>\n<p><a href=\"http:\/\/www.willkommen-bei-den-schtis.de\/\" target=\"_blank\"><strong>\u201eWillkommen bei den Sch\u00b4tis\u201c<\/strong><\/a> ist eine der besten Kom\u00f6dien der letzten Zeit, die weniger auf Brachialhumor und daf\u00fcr mehr auf quirlige Charaktere und das clevere Spiel mit hartn\u00e4ckigen Vorurteilen setzt. Der Film entwickelt eine Verve, ein positives, beschwingtes Lebensgef\u00fchl., wie es uns wohl doch nur die Franzosen vermitteln k\u00f6nnen (siehe auch <a href=\"https:\/\/www.willizblog.de\/?p=1139\" target=\"_blank\">Die fabelhafte Welt der Am\u00e9lie<\/a>). Ein Film zum Wohlf\u00fchlen. Ich kann ihn nur w\u00e4rmstens weiterempfehlen.<\/p>\n","protected":false},"excerpt":{"rendered":"<p>\u00dcber 20 Millionen Franzosen haben den Film gesehen: Willkommen bei den Sch\u2019tis (Originaltitel: Bienvenue chez les Ch\u2019tis) ist eine franz\u00f6sische Filmkom\u00f6die von Dany Boon mit Kad Merad und Dany Boon in den Hauptrollen. Am Samstagabend habe ich den Film nun mit meinem j\u00fcngeren Sohn angeschaut. Der Titel des Films spielt auf die nordfranz\u00f6sische picardische Sprache &hellip; <a href=\"https:\/\/willizblog.de\/?p=2117\" class=\"more-link\"><span class=\"screen-reader-text\">Willkommen bei den Sch\u2019tis<\/span> weiterlesen <span class=\"meta-nav\">&rarr;<\/span><\/a><\/p>\n","protected":false},"author":1,"featured_media":0,"comment_status":"open","ping_status":"open","sticky":false,"template":"","format":"standard","meta":[],"categories":[13],"tags":[],"_links":{"self":[{"href":"https:\/\/willizblog.de\/index.php?rest_route=\/wp\/v2\/posts\/2117"}],"collection":[{"href":"https:\/\/willizblog.de\/index.php?rest_route=\/wp\/v2\/posts"}],"about":[{"href":"https:\/\/willizblog.de\/index.php?rest_route=\/wp\/v2\/types\/post"}],"author":[{"embeddable":true,"href":"https:\/\/willizblog.de\/index.php?rest_route=\/wp\/v2\/users\/1"}],"replies":[{"embeddable":true,"href":"https:\/\/willizblog.de\/index.php?rest_route=%2Fwp%2Fv2%2Fcomments&post=2117"}],"version-history":[{"count":0,"href":"https:\/\/willizblog.de\/index.php?rest_route=\/wp\/v2\/posts\/2117\/revisions"}],"wp:attachment":[{"href":"https:\/\/willizblog.de\/index.php?rest_route=%2Fwp%2Fv2%2Fmedia&parent=2117"}],"wp:term":[{"taxonomy":"category","embeddable":true,"href":"https:\/\/willizblog.de\/index.php?rest_route=%2Fwp%2Fv2%2Fcategories&post=2117"},{"taxonomy":"post_tag","embeddable":true,"href":"https:\/\/willizblog.de\/index.php?rest_route=%2Fwp%2Fv2%2Ftags&post=2117"}],"curies":[{"name":"wp","href":"https:\/\/api.w.org\/{rel}","templated":true}]}}