{"id":2130,"date":"2009-09-10T10:07:20","date_gmt":"2009-09-10T08:07:20","guid":{"rendered":"http:\/\/www.willizblog.de\/?p=2130"},"modified":"2009-09-10T10:07:20","modified_gmt":"2009-09-10T08:07:20","slug":"poker-um-mesut-ozil","status":"publish","type":"post","link":"https:\/\/willizblog.de\/?p=2130","title":{"rendered":"Poker um Mesut Ozil"},"content":{"rendered":"<p>Der <a href=\"https:\/\/www.willizblog.de\/?p=2115\" target=\"_blank\">Hype<\/a> um <a href=\"https:\/\/www.willizblog.de\/?p=1446\" target=\"_blank\">Mesut \u00d6zil<\/a> ist gottlob abgeebbt. Im Spiel gegen Aserbaidschan kochte er auch nur mit Wasser. Aber es ist keine Frage: \u00d6zil ist eines der gr\u00f6\u00dften Talente, die die Bundesliga hervorgebracht hat \u2013 und es wartet eine gro\u00dfe Zukunft auf ihn, die mit Sicherheit nicht in Bremen endet. Trotzdem darf gefragt werden, wie die n\u00e4chste Zukunft aussehen sollte. Der gerade einmal 20 Jahre alte Spieler mit t\u00fcrkischen Wurzeln hat bei Werder Bremen noch bis Mitte 2011 einen Vertrag. Dass man an der Weser nat\u00fcrlich daran interessiert ist, diesen Vertrag m\u00f6glichst schnell zu verl\u00e4ngern, ist klar.<\/p>\n<p><img src=\"https:\/\/www.willizblog.de\/blogpicts\/dfb_2009_mesut_oezil.jpg\" alt=\"Mesut 'Messi' \u00d6zil\" \/><\/p>\n<p>\u00d6zil selbst sieht dazu keinen Anlass und will sich bis zum Saisonende alle Optionen offen halten. \u201eDerzeit gibt es keinen Bedarf, den Vertrag zu verl\u00e4ngern. Wir k\u00f6nnen auch im n\u00e4chsten Jahr verl\u00e4ngern&#8220;, sagte sein Berater Reza Fazeli.<\/p>\n<p>Schon meldet sich auch der Ex-Bayern-Trainer Ottmar Hitzfeld und meint, dass \u00d6zil sehr gut zu den Bayern passen w\u00fcrde. Daneben gab es in diesem Sommer (nach der hervorragenden Vorstellung von \u00d6zil bei der <a href=\"https:\/\/www.willizblog.de\/?p=1932\" target=\"_blank\">U21-Europameisterschaft<\/a>) auch schon erste Anfragen aus Valencia und von Manchester City.<\/p>\n<p>In Bremen geht man zun\u00e4chst einen erste Schritt weiter und versichert seinen Jung-Nationalspieler f\u00fcr rund 5,5 Millionen Euro gegen Sportinvalidit\u00e4t. Das entspricht der Abl\u00f6sesumme, die der DFB-Pokalsieger im Januar 2008 an \u00d6zils Ex-Klub Schalke 04 \u00fcberwiesen hat. \u201eIn Einzelf\u00e4llen machen wir das, wenn die Abl\u00f6sesummen im Anlageverm\u00f6gen sind&#8220;, sagte Bremens Gesch\u00e4ftsf\u00fchrer Manfred M\u00fcller. Der j\u00e4hrlich zu bezahlende Beitrag f\u00fcr die Versicherung soll bei rund 80.000 Euro liegen. Aus kaufm\u00e4nnischer Sicht wohl ein sinnvoller Schritt, zumal der Marktwert aufgrund des letzten Rummels von <a href=\"http:\/\/www.transfermarkt.de\/de\/spieler\/35664\/mesut-oezil\/profil.html\" target=\"_blank\">ca. 13 Millionen<\/a> auf nahezu 20 Millionen Euro gestiegen sein d\u00fcrfte.<\/p>\n<p>Weiterhin denke ich, dass \u00d6zil in <a href=\"http:\/\/www.weser-kurier.de\/Werder.html\" target=\"_blank\">Bremen<\/a> zun\u00e4chst ganz gut aufgehoben ist. Hier kann er unter der Regie von Thomas Schaaf zum absoluten Mega-Star reifen. Immerhin ist Werder Bremen international vertreten und kann in der neuen UEFA Europa League durchaus auch das Endspiel erreichen (mit einem bestens aufgelegten \u00d6zil sowieso).<\/p>\n<p>Wenn \u00d6zil dann im n\u00e4chsten Jahr weiterhin das h\u00e4lt, was er heute verspricht, dann d\u00fcrfte das Weserstadion f\u00fcr ihn (wie in diesem Jahr bei Diego) zu klein geworden sein. Sp\u00e4testens 2011 (das h\u00e4ngt auch von einer Vertragsverl\u00e4ngerung ab) wird man dann auch von \u00d6zil Abschied nehmen m\u00fcssen. Zu den Bayern (ist klar) rate ich ihm dann allerdings nicht gerade. Aber noch ist es bis dahin noch etwas hin. Noch d\u00fcrfen sich die Werder-Fans (und all die neuen \u00d6zil-Fans) auf das ansehnliche Spiel des Jung-Nationalspielers (z.B. im Zusammenspiel mit Marko Marin und Claudio Pizarro) freuen.<\/p>\n<p>Hierzu aus: <a href=\"http:\/\/www.focus.de\/sport\/fussball\/wm-2010\/tid-15432\/mesut-oezil-der-schnoesel-fluechtet-aus-gelsenkirchen_aid_433439.html\" target=\"_blank\">focus.de<\/a>:<\/p>\n<p><em>Betrachtet man nur den Werdegang des 20-J\u00e4hrigen im letzten Jahr, k\u00f6nnte man meinen, dass es sich um eine Bilderbuchkarriere handelt. Dem ist nicht so. \u00d6zil wehte in seiner jungen Laufbahn auch schon kr\u00e4ftig der Wind ins Gesicht. Bei Schalke 04 erkannten die Verantwortlichen zwar auch sein Talent, setzten ihm aber 2007 Ivan Rakitic vor die Nase. \u00d6zil f\u00fchlte sich ins zweite Glied zur\u00fcck versetzt und schraubte seine Gehaltsforderungen f\u00fcr eine Vertragsverl\u00e4ngerung enorm in die H\u00f6he. Als damals 19-J\u00e4hriger schlug er ein Millionenangebot von Schalke-Manager Andreas M\u00fcller aus.<\/em><\/p>\n<p><em>Das brachte ihm \u00fcber die Grenzen von Gelsenkirchen hinaus den Spitznamen \u201eSchn\u00f6zil\u201c ein. Das Tischtuch bei den K\u00f6nigsblauen war zerschnitten und er fl\u00fcchtete nach Bremen. Im Januar 2008 wechselte \u00d6zil f\u00fcr f\u00fcnf Millionen Euro in den hohen Norden. Zu Beginn schickte Thomas Schaaf den Zugang jedoch nur selten von Beginn an auf das Spielfeld. Anders als auf Schalke st\u00e4rkten die Bremer Verantwortlichen dem 5-Millionen-Mann aber den R\u00fccken. Als Diegos Abschied sich abzeichnete, setzte Bremens Manager Klaus Allofs unverhohlen auf \u00d6zil. Genauso wie vor wenigen Wochen Horst Hrubesch und derzeit Joachim L\u00f6w.<\/em><\/p>\n","protected":false},"excerpt":{"rendered":"<p>Der Hype um Mesut \u00d6zil ist gottlob abgeebbt. Im Spiel gegen Aserbaidschan kochte er auch nur mit Wasser. Aber es ist keine Frage: \u00d6zil ist eines der gr\u00f6\u00dften Talente, die die Bundesliga hervorgebracht hat \u2013 und es wartet eine gro\u00dfe Zukunft auf ihn, die mit Sicherheit nicht in Bremen endet. Trotzdem darf gefragt werden, wie &hellip; <a href=\"https:\/\/willizblog.de\/?p=2130\" class=\"more-link\"><span class=\"screen-reader-text\">Poker um Mesut Ozil<\/span> weiterlesen <span class=\"meta-nav\">&rarr;<\/span><\/a><\/p>\n","protected":false},"author":1,"featured_media":0,"comment_status":"open","ping_status":"open","sticky":false,"template":"","format":"standard","meta":[],"categories":[27],"tags":[],"_links":{"self":[{"href":"https:\/\/willizblog.de\/index.php?rest_route=\/wp\/v2\/posts\/2130"}],"collection":[{"href":"https:\/\/willizblog.de\/index.php?rest_route=\/wp\/v2\/posts"}],"about":[{"href":"https:\/\/willizblog.de\/index.php?rest_route=\/wp\/v2\/types\/post"}],"author":[{"embeddable":true,"href":"https:\/\/willizblog.de\/index.php?rest_route=\/wp\/v2\/users\/1"}],"replies":[{"embeddable":true,"href":"https:\/\/willizblog.de\/index.php?rest_route=%2Fwp%2Fv2%2Fcomments&post=2130"}],"version-history":[{"count":0,"href":"https:\/\/willizblog.de\/index.php?rest_route=\/wp\/v2\/posts\/2130\/revisions"}],"wp:attachment":[{"href":"https:\/\/willizblog.de\/index.php?rest_route=%2Fwp%2Fv2%2Fmedia&parent=2130"}],"wp:term":[{"taxonomy":"category","embeddable":true,"href":"https:\/\/willizblog.de\/index.php?rest_route=%2Fwp%2Fv2%2Fcategories&post=2130"},{"taxonomy":"post_tag","embeddable":true,"href":"https:\/\/willizblog.de\/index.php?rest_route=%2Fwp%2Fv2%2Ftags&post=2130"}],"curies":[{"name":"wp","href":"https:\/\/api.w.org\/{rel}","templated":true}]}}