{"id":2150,"date":"2009-09-18T00:01:05","date_gmt":"2009-09-17T22:01:05","guid":{"rendered":"http:\/\/www.willizblog.de\/?p=2150"},"modified":"2009-09-17T09:54:35","modified_gmt":"2009-09-17T07:54:35","slug":"wahl-o-mat-ich-bin-ein-%e2%80%9alinke%e2%80%99","status":"publish","type":"post","link":"https:\/\/willizblog.de\/?p=2150","title":{"rendered":"Wahl-O-Mat: Ich bin ein \u201aLinker\u2019"},"content":{"rendered":"<p>Ja, da war doch noch etwas: In wenigen Tagen ist die Bundestagswahl. Kaum zu glauben, dass diese gro\u00dfe Koalition mit der Merkel vier Jahre durchgehalten hat. Dazu muss man ja fast gratulieren. Und selbst die der Welt gr\u00f6\u00dfte Finanzkrise hat man gekonnt umschifft (die Rechnung kommt noch).<\/p>\n<p>Eigentlich hatte ich mir vorgenommen, diese Wahl zu \u201aboykottieren\u2019. Also einfach nicht w\u00e4hlen zu gehen. Die Qual der Wahl zwischen CDU und SPD ist fast wie die Wahl zwischen stinkendem Fisch und verdorbenem Fleisch. Klar, da gibt es die M\u00f6glichkeit, es mit den kleinen Parteien zu versuchen, den Gr\u00fcnen, der FDP oder den Linken. \u2013 das sind ja l\u00e4ngst keine kleinen Parteien mehr \u2013 bei dieser Bundestagswahl d\u00fcrften zuerst in der Geschichte unserer Republik f\u00fcnf Parteien \u00fcber zehn Prozent kommen.. Und die Piraten gibt es auch noch (als Ein-Themen-Partei verschrieen \u2013 als Kompetenzpartei angetreten).<\/p>\n<p>Was also tun? Was w\u00e4hlen? Da gibt es den so genannten <a href=\"http:\/\/www.wahl-o-mat.de\/\" target=\"_blank\">Wahl-O-Mat<\/a>. Hierf\u00fcr haben sich 24 Parteien zu wichtigen politischen Fragen ge\u00e4u\u00dfert. Die Antworten lassen sich mit dem eigenen Standpunkt vergleichen. Am Ende erf\u00e4hrt der Wahl-O-Mat-Benutzer, mit welcher Partei er wohl am besten k\u00f6nnte (soll aber nur ein Informationsangebot und keine Wahlempfehlung sein).<\/p>\n<p><img src=\"https:\/\/www.willizblog.de\/blogpicts\/wahlomat.jpg\" alt=\"Wahl-O-Mat\" \/><\/p>\n<p>Auch ich habe es versucht und war \u00fcber das Ergebnis zun\u00e4chst \u00fcberrascht. Aber nicht lang. Danach m\u00fcsste ich ein absolut \u201aLinker\u2019 sein. Nicht nur die \u201eder Linken\u201c, schlimmer noch, die Antworten der <a href=\"https:\/\/de.wikipedia.org\/wiki\/Marxistisch-Leninistische_Partei_Deutschlands\" target=\"_blank\">MLPD<\/a> decken sich mehrheitlich mit den meinen. Vielleicht liegt es daran, dass ich die These \u201eDie Demokratie, die wir in der Bundesrepublik haben, ist die beste Staatsform\u201c mit \u201aneutral\u2019 beantwortet habe, denn ich denke, dass manche \u201aMehrheitsentscheidung\u2019 nicht unbedingt das Resultat von Kompetenz ist und mancher W\u00e4hler auch einen Besenstiel w\u00e4hlen w\u00fcrde, wenn dieser nur der \u201arichtigen\u2019 Partei angeh\u00f6rt. Aber f\u00fcr eine <a href=\"https:\/\/de.wikipedia.org\/wiki\/Diktatur_des_Proletariats\" target=\"_blank\">Diktatur des Proletariats<\/a> bin ich nun auch nicht unbedingt.<\/p>\n<p>Die 38 Thesen, zu denen man sich im Wahl-O-Mat \u00e4u\u00dfern kann, sind sicherlich repr\u00e4sentativ, wie man so sch\u00f6n sagt. Da die Antworten aber wenig Spielraum zulassen, kann es schon passieren, dass man auch mit Meinungen von Partei anscheinend konform ist, die man nie im Leben w\u00e4hlen w\u00fcrde. Trotzdem kann der Wahl-O-Mat, unter Ber\u00fccksichtigung von gewissen Feinheiten und Priorit\u00e4ten, bei der Wahlentscheidung hilfreich sein.<\/p>\n<p>Bei mir zeigte sich, dass ich mit der FDP (dazu sp\u00e4ter sicherlich noch etwas mehr) und der CDU\/CSU am wenigsten am Hut habe. Die Wahrheit liegt bekanntlich (meist) in der Mitte. Und da finde ich im Meinungsbild mit den Gr\u00fcnen die entsprechende \u00dcbereinstimmung. Ich werde w\u00e4hlen gehen!<\/p>\n<p>Siehe auch: <a href=\"http:\/\/www.werstehtzurwahl.de\/\" target=\"_blank\"><strong>Wer steht zur Wahl?<\/strong><\/a><\/p>\n","protected":false},"excerpt":{"rendered":"<p>Ja, da war doch noch etwas: In wenigen Tagen ist die Bundestagswahl. Kaum zu glauben, dass diese gro\u00dfe Koalition mit der Merkel vier Jahre durchgehalten hat. Dazu muss man ja fast gratulieren. Und selbst die der Welt gr\u00f6\u00dfte Finanzkrise hat man gekonnt umschifft (die Rechnung kommt noch). Eigentlich hatte ich mir vorgenommen, diese Wahl zu &hellip; <a href=\"https:\/\/willizblog.de\/?p=2150\" class=\"more-link\"><span class=\"screen-reader-text\">Wahl-O-Mat: Ich bin ein \u201aLinker\u2019<\/span> weiterlesen <span class=\"meta-nav\">&rarr;<\/span><\/a><\/p>\n","protected":false},"author":1,"featured_media":0,"comment_status":"open","ping_status":"open","sticky":false,"template":"","format":"standard","meta":[],"categories":[29],"tags":[],"_links":{"self":[{"href":"https:\/\/willizblog.de\/index.php?rest_route=\/wp\/v2\/posts\/2150"}],"collection":[{"href":"https:\/\/willizblog.de\/index.php?rest_route=\/wp\/v2\/posts"}],"about":[{"href":"https:\/\/willizblog.de\/index.php?rest_route=\/wp\/v2\/types\/post"}],"author":[{"embeddable":true,"href":"https:\/\/willizblog.de\/index.php?rest_route=\/wp\/v2\/users\/1"}],"replies":[{"embeddable":true,"href":"https:\/\/willizblog.de\/index.php?rest_route=%2Fwp%2Fv2%2Fcomments&post=2150"}],"version-history":[{"count":0,"href":"https:\/\/willizblog.de\/index.php?rest_route=\/wp\/v2\/posts\/2150\/revisions"}],"wp:attachment":[{"href":"https:\/\/willizblog.de\/index.php?rest_route=%2Fwp%2Fv2%2Fmedia&parent=2150"}],"wp:term":[{"taxonomy":"category","embeddable":true,"href":"https:\/\/willizblog.de\/index.php?rest_route=%2Fwp%2Fv2%2Fcategories&post=2150"},{"taxonomy":"post_tag","embeddable":true,"href":"https:\/\/willizblog.de\/index.php?rest_route=%2Fwp%2Fv2%2Ftags&post=2150"}],"curies":[{"name":"wp","href":"https:\/\/api.w.org\/{rel}","templated":true}]}}