{"id":2160,"date":"2009-09-21T09:30:29","date_gmt":"2009-09-21T07:30:29","guid":{"rendered":"http:\/\/www.willizblog.de\/?p=2160"},"modified":"2009-09-21T09:30:29","modified_gmt":"2009-09-21T07:30:29","slug":"literatur-nobelpreis-fur-bob-dylan","status":"publish","type":"post","link":"https:\/\/willizblog.de\/?p=2160","title":{"rendered":"Literatur-Nobelpreis f\u00fcr Bob Dylan?"},"content":{"rendered":"<p>Ganz so neu ist sie nicht, die Forderung nach dem <a href=\"https:\/\/de.wikipedia.org\/wiki\/Nobelpreis_f%C3%BCr_Literatur\" target=\"_blank\">Literatur-Nobelpreis<\/a> f\u00fcr <a href=\"https:\/\/de.wikipedia.org\/wiki\/Bob_Dylan\" target=\"_blank\">Bob Dylan<\/a>. Seit 1996 wird er immer wieder als Anw\u00e4rter auf diesen Preis gehandelt. Eine von den Schriftstellern John Bauldie und Allen Ginsberg geleitete Kampagne f\u00fchrte 1996 zu einer offiziellen Nominierung von Bob Dylan. Unterst\u00fctzt wurde sie von dem Literaturprofessor Gordon Ball, der die Texte von Dylan in ihrem \u201eau\u00dfergew\u00f6hnlich einfallsreichem Symbolismus\u201c mit Arthur Rimbaud und William Butler Yeats vergleicht. F\u00fcr andere erweckt Dylans dunkle und assoziationsreiche Lyrik &#8222;immer wieder den Eindruck, als wisse er mehr, als k\u00f6nnte er tiefer dringen und Antworten geben.\u201c<\/p>\n<p><img src=\"https:\/\/www.willizblog.de\/blogpicts\/bob_dylan.jpg\" alt=\"Bob Dylan for Nobel Prize in Literature\" \/><\/p>\n<p>Nun, Bob Dylan ist sicherlich einer der einflussreichsten Musiker des letzten Jahrhunderts. Und seine Musik geht einher mit einer ungew\u00f6hnlichen Lyrik seiner Lieder. Er w\u00e4re auch l\u00e4ngst nicht der erste, der f\u00fcr seine Liedertexte eine akademische Auszeichnung erk\u00e4me. In Anerkennung f\u00fcr seinen Beitrag zur Pop- und Rockmusik erhielt <a href=\"https:\/\/www.willizblog.de\/?p=584\" target=\"_blank\">Ian Anderson<\/a> (<a href=\"https:\/\/www.willizblog.de\/?cat=9\" target=\"_blank\">Jethro Tull<\/a>) 2006 von der <a href=\"http:\/\/www.hw.ac.uk\/home\/\" target=\"_blank\">Heriot Watt University in Edinburgh<\/a> die Ehrendoktorw\u00fcrde f\u00fcr Literatur verliehen.<\/p>\n<p>siehe auch zdf.de: <a href=\"http:\/\/www.heute.de\/ZDFheute\/inhalt\/4\/0,3672,7897956,00.html\" target=\"_blank\">Experten fordern: Nobelpreis f\u00fcr Bob Dylan!<\/a><\/p>\n","protected":false},"excerpt":{"rendered":"<p>Ganz so neu ist sie nicht, die Forderung nach dem Literatur-Nobelpreis f\u00fcr Bob Dylan. Seit 1996 wird er immer wieder als Anw\u00e4rter auf diesen Preis gehandelt. Eine von den Schriftstellern John Bauldie und Allen Ginsberg geleitete Kampagne f\u00fchrte 1996 zu einer offiziellen Nominierung von Bob Dylan. Unterst\u00fctzt wurde sie von dem Literaturprofessor Gordon Ball, der &hellip; <a href=\"https:\/\/willizblog.de\/?p=2160\" class=\"more-link\"><span class=\"screen-reader-text\">Literatur-Nobelpreis f\u00fcr Bob Dylan?<\/span> weiterlesen <span class=\"meta-nav\">&rarr;<\/span><\/a><\/p>\n","protected":false},"author":1,"featured_media":0,"comment_status":"open","ping_status":"open","sticky":false,"template":"","format":"standard","meta":[],"categories":[3,5],"tags":[],"_links":{"self":[{"href":"https:\/\/willizblog.de\/index.php?rest_route=\/wp\/v2\/posts\/2160"}],"collection":[{"href":"https:\/\/willizblog.de\/index.php?rest_route=\/wp\/v2\/posts"}],"about":[{"href":"https:\/\/willizblog.de\/index.php?rest_route=\/wp\/v2\/types\/post"}],"author":[{"embeddable":true,"href":"https:\/\/willizblog.de\/index.php?rest_route=\/wp\/v2\/users\/1"}],"replies":[{"embeddable":true,"href":"https:\/\/willizblog.de\/index.php?rest_route=%2Fwp%2Fv2%2Fcomments&post=2160"}],"version-history":[{"count":0,"href":"https:\/\/willizblog.de\/index.php?rest_route=\/wp\/v2\/posts\/2160\/revisions"}],"wp:attachment":[{"href":"https:\/\/willizblog.de\/index.php?rest_route=%2Fwp%2Fv2%2Fmedia&parent=2160"}],"wp:term":[{"taxonomy":"category","embeddable":true,"href":"https:\/\/willizblog.de\/index.php?rest_route=%2Fwp%2Fv2%2Fcategories&post=2160"},{"taxonomy":"post_tag","embeddable":true,"href":"https:\/\/willizblog.de\/index.php?rest_route=%2Fwp%2Fv2%2Ftags&post=2160"}],"curies":[{"name":"wp","href":"https:\/\/api.w.org\/{rel}","templated":true}]}}