{"id":2162,"date":"2009-09-23T07:01:17","date_gmt":"2009-09-23T05:01:17","guid":{"rendered":"http:\/\/www.willizblog.de\/?p=2162"},"modified":"2009-09-23T06:57:47","modified_gmt":"2009-09-23T04:57:47","slug":"wegbereiter-der-finanzkrise","status":"publish","type":"post","link":"https:\/\/willizblog.de\/?p=2162","title":{"rendered":"Wegbereiter der Finanzkrise"},"content":{"rendered":"<p>Zun\u00e4chst ist der <a href=\"https:\/\/de.wikipedia.org\/wiki\/Liberalismus\" target=\"_blank\">Liberalismus<\/a> nichts Negatives. Im Zentrum der politischen Philosophie des Liberalismus steht das Individuum, dessen Freiheit zu sichern und zu verteidigen die oberste Aufgabe des Staates sei. Daher lehnt die FDP als deutsche liberale Partei u.a. den gro\u00dfen Lauschangriff, fl\u00e4chendeckender Video\u00fcberwachung und den biometrischen Reisepass ab. Auf wirtschaftlichem Gebiet fordert die FDP eine Entb\u00fcrokratisierung der Wirtschaft mit dem Ziel, das Wachstum zu f\u00f6rdern und dadurch Arbeitspl\u00e4tze zu schaffen.<\/p>\n<p>Das klingt alles zun\u00e4chst sehr gut. Ich denke da an den Anfang der FDP und <a href=\"https:\/\/de.wikipedia.org\/wiki\/Theodor_Heuss\" target=\"_blank\">Theodor Heuss<\/a>, der BRD erster Bundespr\u00e4sident. Namen wie <a href=\"https:\/\/de.wikipedia.org\/wiki\/Hildegard_Hamm-Br%C3%BCcher\" target=\"_blank\">Hildegard Hamm-Br\u00fccher<\/a>, <a href=\"https:\/\/de.wikipedia.org\/wiki\/Gerhart_Baum\" target=\"_blank\">Gerhart Baum<\/a> und <a href=\"https:\/\/de.wikipedia.org\/wiki\/Burkhard_Hirsch\" target=\"_blank\">Burkhard Hirsch<\/a> stehen f\u00fcr einen freiheitlichen Liberalismus.<\/p>\n<p>Dann kamen die <em>Bange-, Hauss- und M\u00f6llem\u00e4nner<\/em> und lehrten den Deutschen das Gruseln. Und heutigen Tags hat die FDP in <a href=\"https:\/\/de.wikipedia.org\/wiki\/Guido_Westerwelle\" target=\"_blank\">Guido Westerwelle<\/a> den gro\u00dfen Vorturner, die Ein-Mann-Show, neben der jede andere Personalie bei den freien Demokraten verblasst (mir f\u00e4llt nur noch der Name <a href=\"https:\/\/de.wikipedia.org\/wiki\/Sabine_Leutheusser-Schnarrenberger\" target=\"_blank\">Sabine Leutheusser-Schnarrenberger<\/a>, aber auch nur des Namens wegen).<\/p>\n<p><img src=\"http:\/\/www.zdf.de\/ZDFblog\/images\/53\/post-187-1126143428.jpg\" alt=\"Wahlkampf mit Guido Westerwelle\" \/><\/p>\n<p>&#8212;<\/p>\n<p><a href=\"https:\/\/de.wikipedia.org\/wiki\/Laissez-faire\" target=\"_blank\">Laissez-faire<\/a> hei\u00dft \u00fcbersetzt \u201elasst machen\u201c im Sinne von \u201eeinfach laufen lassen\u201c. Es ist vor allem der Grundsatz liberaler Wirtschaftspolitik. Man vertraut dabei auf die Selbstheilungskr\u00e4fte des Marktes, wenn z.B. etwas aus dem Ruder l\u00e4uft. So wenig Staat wie m\u00f6glich, der Markt reguliert sich schon selbst. F\u00fcr mich beinhaltet dieses \u201eLaissez-faire\u201c die Philosophie, die den Finanzmarkt und damit fast die gesamte Wirtschaft in die Krise f\u00fchrte. Hier ist etwas den Bach hinuntergegangen, was sich nicht mehr selbst zu heilen verstand: Der Liberalismus als Wegbereiter der Krise.<\/p>\n<p>&#8212;<\/p>\n<p>Und vorn weg, das Banner tragend: Guido Westerwelle. Ob ihm bewusst ist, dass seine Art des wirtschaftlichen Denkens solche Krisen beg\u00fcnstigt? Ohne den Eingriff des Staates h\u00e4tte der Finanzsektor jegliche Kontrolle \u00fcber sich verloren. <\/p>\n<p>Und einer solchen Partei und ihrem Fraktions- und Parteivorsitzenden soll ich bei dieser Bundestagswahl meine Stimme geben? Nein, danke, Herr Westerwelle. Sie m\u00f6gen propagieren, dass sich Arbeit wieder lohnen muss. Nur welche und f\u00fcr wen? Bestimmt nicht die von Millionen Arbeitnehmern, denen sie in sozialer Hinsicht nur die kalte Schulter zeigen (selbst Seehofer, CSU, bezeichnet die FDP als <a href=\"http:\/\/www.heute.de\/ZDFheute\/inhalt\/30\/0,3672,7872990,00.html\" target=\"_blank\">&#8222;Partei der K\u00e4lte&#8220;<\/a>, wenn auch aus wahlpolitischem Kalk\u00fcl).<\/p>\n<p>Sie haben gut reden, Herr Westerwelle. Aber viel mehr als Gemeinpl\u00e4tze sind es leider nicht. Sollten Sie wirklich \u201aan die Macht\u2019 kommen, dann w\u00fcrde mich jetzt schon interessieren, welches politische Amt Sie \u00fcbernehmen werden, in dem sie endlich auch Verantwortung zeigen m\u00fcssten. Ich hoffe, es kommt nicht soweit.<\/p>\n<p>siehe auch <a href=\"http:\/\/www3.ndr.de\/sendungen\/extra_3\/\" target=\"_blank\">Extra3<\/a>: <a href=\"https:\/\/www.youtube.com\/watch?v=k94v0IAcT3A\" target=\"_blank\">Guido Westerwelle Hymne<\/a><\/p>\n<p>und siehe auch meine Beitr\u00e4ge zur BTW 2005: <a href=\"https:\/\/www.willizblog.de\/?p=131\" target=\"_blank\">Westerwelle &#8211; der historische Irrtum<\/a> &#8211; <a href=\"https:\/\/www.willizblog.de\/?p=208\" target=\"_blank\">Westerwelles Turn\u00fcbungen<\/a> &#8211; <a href=\"https:\/\/www.willizblog.de\/?p=226\" target=\"_blank\">Westerwelle auf Wahltour<\/a> &#8211; <a href=\"https:\/\/www.willizblog.de\/?p=1061\" target=\"_blank\">Guido und die drei K\u00f6nige<\/a><\/p>\n","protected":false},"excerpt":{"rendered":"<p>Zun\u00e4chst ist der Liberalismus nichts Negatives. Im Zentrum der politischen Philosophie des Liberalismus steht das Individuum, dessen Freiheit zu sichern und zu verteidigen die oberste Aufgabe des Staates sei. Daher lehnt die FDP als deutsche liberale Partei u.a. den gro\u00dfen Lauschangriff, fl\u00e4chendeckender Video\u00fcberwachung und den biometrischen Reisepass ab. Auf wirtschaftlichem Gebiet fordert die FDP eine &hellip; <a href=\"https:\/\/willizblog.de\/?p=2162\" class=\"more-link\"><span class=\"screen-reader-text\">Wegbereiter der Finanzkrise<\/span> weiterlesen <span class=\"meta-nav\">&rarr;<\/span><\/a><\/p>\n","protected":false},"author":1,"featured_media":0,"comment_status":"open","ping_status":"open","sticky":false,"template":"","format":"standard","meta":[],"categories":[12,29],"tags":[],"_links":{"self":[{"href":"https:\/\/willizblog.de\/index.php?rest_route=\/wp\/v2\/posts\/2162"}],"collection":[{"href":"https:\/\/willizblog.de\/index.php?rest_route=\/wp\/v2\/posts"}],"about":[{"href":"https:\/\/willizblog.de\/index.php?rest_route=\/wp\/v2\/types\/post"}],"author":[{"embeddable":true,"href":"https:\/\/willizblog.de\/index.php?rest_route=\/wp\/v2\/users\/1"}],"replies":[{"embeddable":true,"href":"https:\/\/willizblog.de\/index.php?rest_route=%2Fwp%2Fv2%2Fcomments&post=2162"}],"version-history":[{"count":0,"href":"https:\/\/willizblog.de\/index.php?rest_route=\/wp\/v2\/posts\/2162\/revisions"}],"wp:attachment":[{"href":"https:\/\/willizblog.de\/index.php?rest_route=%2Fwp%2Fv2%2Fmedia&parent=2162"}],"wp:term":[{"taxonomy":"category","embeddable":true,"href":"https:\/\/willizblog.de\/index.php?rest_route=%2Fwp%2Fv2%2Fcategories&post=2162"},{"taxonomy":"post_tag","embeddable":true,"href":"https:\/\/willizblog.de\/index.php?rest_route=%2Fwp%2Fv2%2Ftags&post=2162"}],"curies":[{"name":"wp","href":"https:\/\/api.w.org\/{rel}","templated":true}]}}