{"id":2176,"date":"2009-09-24T00:01:59","date_gmt":"2009-09-23T22:01:59","guid":{"rendered":"http:\/\/www.willizblog.de\/?p=2176"},"modified":"2009-09-25T10:56:53","modified_gmt":"2009-09-25T08:56:53","slug":"mrs-peel-we-%e2%80%99re-needed","status":"publish","type":"post","link":"https:\/\/willizblog.de\/?p=2176","title":{"rendered":"Mrs. Peel &#8211; we \u2019re needed"},"content":{"rendered":"<p>W\u00e4hrend der Internationalen Funkausstellung (IFA) in West-Berlin wurde am 25. August 1967 in der Bundesrepublik Deutschland das <a href=\"https:\/\/de.wikipedia.org\/wiki\/Phase_Alternating_Line#Geschichte\" target=\"_blank\">Farbfernsehen gestartet<\/a>. Dies geschah durch den ber\u00fchmten Druck auf den roten Knopf durch den damaligen Vizekanzler der Bundesrepublik Deutschland, Willy Brandt. Vier Tage sp\u00e4ter, am 29.08.1967, wurde die erste Folge in Farbe von <a href=\"https:\/\/www.willizblog.de\/?p=1736\" target=\"_blank\">\u201eMit Schirm, Charme und Melone\u201c<\/a> mit John Steed (Patrick Macnee) und Emma Peel (Diana Rigg) mit der Folge \u201eEin Vogel, der zuviel wusste\u201c (The bird who knew too much) ausgestrahlt.<\/p>\n<p>Diese Folge geh\u00f6rt zur 5. Staffel der Serie, die erstmals in Farbe gedreht wurde. Jetzt ist diese Staffel mit insgesamt 24 Folgen in einer DVD-Box mit neun Silberscheiben k\u00e4uflich erh\u00e4ltlich: <a href=\"https:\/\/www.amazon.de\/gp\/product\/B002880H2I?ie=UTF8&#038;tag=familiealbin-21&#038;linkCode=as2&#038;camp=1638&#038;creative=6742&#038;creativeASIN=B002880H2I\" target=\"_blank\">Mit Schirm, Charme und Melone &#8211; Edition 2<\/a><img loading=\"lazy\" src=\"https:\/\/www.assoc-amazon.de\/e\/ir?t=familiealbin-21&#038;l=as2&#038;o=3&#038;a=B002880H2I\" width=\"1\" height=\"1\" border=\"0\" alt=\"\" style=\"border:none !important; margin:0px !important;\" \/><\/p>\n<p>Als alter Fan der Serie kam ich nicht umhin, mir auch diese DVD-Box zu kaufen. So habe ich mir inzwischen auch schon die ersten f\u00fcnf Folgen angeschaut, muss aber gestehen, dass mir die Folgen der 4. Staffel zun\u00e4chst etwas besser gefallen haben. Vielleicht liegt es auch an dem Charme des Schwarz-Wei\u00dfen. Allerdings konnte mich die genannte Folge \u201eEin Vogel, der zuviel wusste\u201c in Farbe doch wieder begeistern. Und die wirklich guten Folgen kommen ja wohl noch.<\/p>\n<p><img src=\"https:\/\/www.willizblog.de\/blogpicts\/emma_peel.jpg\" alt=\"Emma Peel\" \/><\/p>\n<p>Zu <a href=\"https:\/\/de.wikipedia.org\/wiki\/Mit_Schirm,_Charme_und_Melone\" target=\"_blank\">&#8222;Mit Schirm, Charme und Melone&#8220;<\/a> muss man eigentlich nicht viel sagen: Es ist ein Kult-Klassiker aus Gro\u00dfbritannien mit herrlichem 60er-Jahre-Flair, bizarren Agentenstories und gl\u00e4nzend aufgelegten Darstellern, bis hin in die Nebenrollen meist stark besetzt (mit vielen skurrilen, eigentlich typisch britischen Gestalten).<\/p>\n<p><object width=\"425\" height=\"344\"><param name=\"movie\" value=\"https:\/\/www.youtube.com\/v\/Cnxgvkvj-so&#038;hl=de&#038;fs=1&#038;\"><\/param><param name=\"allowFullScreen\" value=\"true\"><\/param><param name=\"allowscriptaccess\" value=\"always\"><\/param><embed src=\"https:\/\/www.youtube.com\/v\/Cnxgvkvj-so&#038;hl=de&#038;fs=1&#038;\" type=\"application\/x-shockwave-flash\" allowscriptaccess=\"always\" allowfullscreen=\"true\" width=\"425\" height=\"344\"><\/embed><\/object><br \/>\nMit Schirm, Charme und Melone: Lob der Technik<\/p>\n<p>Bemerkenswert ist dabei die Rolle der Emma Peel, die nicht allein Stichwortgeber f\u00fcr John Steed ist, sondern gleichrangig neben diesem agiert. Der Name Emma Peel steht f\u00fcr einen besonders starken und emanzipierten Typ Frau, der sich in den sp\u00e4teren 1960er-Jahren in Europa entwickelte. Der Ursprung des Namens liegt angeblich in \u201eM-Appeal\u201c, einer Kurzform von \u201eMan Appeal\u201c (i.S.v. M\u00e4nner ansprechend). Emma Peel ist eine Agentin, die jedem Mann gewachsen ist und sogar Kampfsport beherrscht. Die deutsche Presse bezeichnete Diana Rigg in ihrer Rolle als Emma Peel auch als Karate-Emma.<\/p>\n<p>Diese 2. Edition in Farbe \u00fcbertrifft vom Bild her meine Erwartungen. Nachdem ich mich schon an einem durchaus sehenswerten Schwarz-Wei\u00df-Bild der 4. Staffel erfreut hatte, so kommen jetzt die Bilder in einer Qualit\u00e4t mit lebendigen Farben, einem kontrastreichen, scharfen Bild und ungew\u00f6hnlich viel Tiefe daher.<\/p>\n<p>Zus\u00e4tzlich gibt es als Einleitung und zu jeder Folge Informationen von den Herren Oliver Kalkofe und Wolfgang Bahro (GZSZ B\u00f6sewicht), die man auf Wunsch anklicken kann. Sinnvoll ist es aber, diese Infos erst nach einer jeden Folge anzuschauen. Die Herren haben sich dabei aber wohl ausgiebig aus anderen Quellen bedient (B\u00fccher von Franziska Fischer oder Dave Rogers). Manche Info ist wohl auch nicht ganz richtig. Neben diesem Bonus-Material gibt es u.a. noch ein kurzes Fuchsberger-Interview mit Patrick Macnee und Diana Rigg (ca. 9 Min), den Kurzfilm: The Strange Case Of The Missing Corpse (ca. 3 Min) und drei Integralfassungen aus Edition 1 in ungeschnittener Fassung, n\u00e4mlich die Folgen DIE TOTENGR\u00c4BER, DAS SCHOTTISCHE SCHLOSS und DAS 13. LOCH.<\/p>\n<p>Ich freue mich jetzt schon auf manchen Abend (oder sp\u00e4ten Nachmittag), an dem ich mir eine Folge von Emma Peel &#038; Co. zu Gem\u00fcte f\u00fchren werde. Wie hei\u00dft es am Anfang einer jeden Folge: Mrs. Peel, we \u2019re needed \u2013 Mrs. Peel, wir werden gebraucht! Nach \u00fcber 40 Jahren schaue ich dem Treiben von John Steed und Emma Peel wieder gern zu.<\/p>\n","protected":false},"excerpt":{"rendered":"<p>W\u00e4hrend der Internationalen Funkausstellung (IFA) in West-Berlin wurde am 25. August 1967 in der Bundesrepublik Deutschland das Farbfernsehen gestartet. Dies geschah durch den ber\u00fchmten Druck auf den roten Knopf durch den damaligen Vizekanzler der Bundesrepublik Deutschland, Willy Brandt. Vier Tage sp\u00e4ter, am 29.08.1967, wurde die erste Folge in Farbe von \u201eMit Schirm, Charme und Melone\u201c &hellip; <a href=\"https:\/\/willizblog.de\/?p=2176\" class=\"more-link\"><span class=\"screen-reader-text\">Mrs. Peel &#8211; we \u2019re needed<\/span> weiterlesen <span class=\"meta-nav\">&rarr;<\/span><\/a><\/p>\n","protected":false},"author":1,"featured_media":0,"comment_status":"open","ping_status":"open","sticky":false,"template":"","format":"standard","meta":[],"categories":[13],"tags":[],"_links":{"self":[{"href":"https:\/\/willizblog.de\/index.php?rest_route=\/wp\/v2\/posts\/2176"}],"collection":[{"href":"https:\/\/willizblog.de\/index.php?rest_route=\/wp\/v2\/posts"}],"about":[{"href":"https:\/\/willizblog.de\/index.php?rest_route=\/wp\/v2\/types\/post"}],"author":[{"embeddable":true,"href":"https:\/\/willizblog.de\/index.php?rest_route=\/wp\/v2\/users\/1"}],"replies":[{"embeddable":true,"href":"https:\/\/willizblog.de\/index.php?rest_route=%2Fwp%2Fv2%2Fcomments&post=2176"}],"version-history":[{"count":0,"href":"https:\/\/willizblog.de\/index.php?rest_route=\/wp\/v2\/posts\/2176\/revisions"}],"wp:attachment":[{"href":"https:\/\/willizblog.de\/index.php?rest_route=%2Fwp%2Fv2%2Fmedia&parent=2176"}],"wp:term":[{"taxonomy":"category","embeddable":true,"href":"https:\/\/willizblog.de\/index.php?rest_route=%2Fwp%2Fv2%2Fcategories&post=2176"},{"taxonomy":"post_tag","embeddable":true,"href":"https:\/\/willizblog.de\/index.php?rest_route=%2Fwp%2Fv2%2Ftags&post=2176"}],"curies":[{"name":"wp","href":"https:\/\/api.w.org\/{rel}","templated":true}]}}