{"id":2180,"date":"2009-09-25T00:01:51","date_gmt":"2009-09-24T22:01:51","guid":{"rendered":"http:\/\/www.willizblog.de\/?p=2180"},"modified":"2009-09-26T16:37:46","modified_gmt":"2009-09-26T14:37:46","slug":"wir-haben-die-kraft","status":"publish","type":"post","link":"https:\/\/willizblog.de\/?p=2180","title":{"rendered":"WIR haben die Kraft"},"content":{"rendered":"<p>Es klingt wie eine \u201aErweiterung\u2019 von Obamas \u201eYes, we can\u201c! <em>Ja, wir k\u00f6nnen (es), (denn) wir haben die Kraft<\/em>. Auch so kann sich eine Partei und ihre Spitze \u00fcber das Unterbewusstsein des W\u00e4hlers der Wahlslogans erfolgreicher Kandidaten bedienen. Oder?<\/p>\n<p>Andererseits lie\u00dfe sich dieses \u201eWIR haben die Kraft\u201c pseudoreligi\u00f6s (dem C im Parteinamen gerechtwerdend) mit \u201e <em>&#8230;und die Macht und die Herrlichkeit. \u2013 in Ewigkeit. Amen.<\/em>\u201c erg\u00e4nzen.<\/p>\n<p>Der g\u00f6ttliche Funke ist es trotzdem nicht gerade, der hier \u00fcberzuspringen scheint. Und da es so ein Wischi-Waschi-Spr\u00fcchlein ist, wurde inzwischen f\u00fcr Spott und <a href=\"http:\/\/rauskucker.wordpress.com\/2009\/08\/11\/wir-haben-die-kraft\/\" target=\"_blank\">satirische \u00dcberzeichnungen<\/a> genug gesorgt.<\/p>\n<table border=\"0\" cellpadding=\"2\" cellspacing=\"0\" width=\"100%\">\n<tr>\n<td width=\"50%\">\n<p align=\"center\"><img loading=\"lazy\" border=\"0\" src=\"https:\/\/www.willizblog.de\/blogpicts\/wir_cdu_01.jpg\" alt=\"CDU: WIR haben die Kraft ...\" width=\"186\" height=\"267\"><\/td>\n<td width=\"50%\">\n<p align=\"center\"><img loading=\"lazy\" border=\"0\" src=\"https:\/\/www.willizblog.de\/blogpicts\/wir_cdu_02.jpg\" alt=\"CDU: WIR haben die Kraft ...\" width=\"381\" height=\"267\"><\/td>\n<\/tr>\n<\/table>\n<p>Genug zur Bundestagswahl 2009 meinerseits. <a href=\"http:\/\/frontal21.zdf.de\/ZDFde\/inhalt\/3\/0,1872,7898467,00.html\" target=\"_blank\">Wer nicht zur Wahl geht<\/a>, erspart dem Steuerzahler Geld, die ansonsten f\u00fcr seine Stimme als <a href=\"http:\/\/www.wahlrecht.de\/lexikon\/wahlkampfkostenerstattung.html\" target=\"_blank\">Wahlkampfkostenerstattung<\/a> an die gew\u00e4hlte Partei geht. Ich werde trotzdem zu Wahl gehen &#8230; Es ist immerhin eine der wenigen Rechte, die ich als Bundesb\u00fcrger habe.<\/p>\n<p><strong>M\u00f6ge die <del>Macht<\/del> Kraft mit <del>Dir<\/del> Euch sein!<\/strong><\/p>\n","protected":false},"excerpt":{"rendered":"<p>Es klingt wie eine \u201aErweiterung\u2019 von Obamas \u201eYes, we can\u201c! Ja, wir k\u00f6nnen (es), (denn) wir haben die Kraft. Auch so kann sich eine Partei und ihre Spitze \u00fcber das Unterbewusstsein des W\u00e4hlers der Wahlslogans erfolgreicher Kandidaten bedienen. Oder? Andererseits lie\u00dfe sich dieses \u201eWIR haben die Kraft\u201c pseudoreligi\u00f6s (dem C im Parteinamen gerechtwerdend) mit \u201e &hellip; <a href=\"https:\/\/willizblog.de\/?p=2180\" class=\"more-link\"><span class=\"screen-reader-text\">WIR haben die Kraft<\/span> weiterlesen <span class=\"meta-nav\">&rarr;<\/span><\/a><\/p>\n","protected":false},"author":1,"featured_media":0,"comment_status":"open","ping_status":"open","sticky":false,"template":"","format":"standard","meta":[],"categories":[12,29],"tags":[],"_links":{"self":[{"href":"https:\/\/willizblog.de\/index.php?rest_route=\/wp\/v2\/posts\/2180"}],"collection":[{"href":"https:\/\/willizblog.de\/index.php?rest_route=\/wp\/v2\/posts"}],"about":[{"href":"https:\/\/willizblog.de\/index.php?rest_route=\/wp\/v2\/types\/post"}],"author":[{"embeddable":true,"href":"https:\/\/willizblog.de\/index.php?rest_route=\/wp\/v2\/users\/1"}],"replies":[{"embeddable":true,"href":"https:\/\/willizblog.de\/index.php?rest_route=%2Fwp%2Fv2%2Fcomments&post=2180"}],"version-history":[{"count":0,"href":"https:\/\/willizblog.de\/index.php?rest_route=\/wp\/v2\/posts\/2180\/revisions"}],"wp:attachment":[{"href":"https:\/\/willizblog.de\/index.php?rest_route=%2Fwp%2Fv2%2Fmedia&parent=2180"}],"wp:term":[{"taxonomy":"category","embeddable":true,"href":"https:\/\/willizblog.de\/index.php?rest_route=%2Fwp%2Fv2%2Fcategories&post=2180"},{"taxonomy":"post_tag","embeddable":true,"href":"https:\/\/willizblog.de\/index.php?rest_route=%2Fwp%2Fv2%2Ftags&post=2180"}],"curies":[{"name":"wp","href":"https:\/\/api.w.org\/{rel}","templated":true}]}}