{"id":2192,"date":"2009-09-28T09:46:59","date_gmt":"2009-09-28T07:46:59","guid":{"rendered":"http:\/\/www.willizblog.de\/?p=2192"},"modified":"2009-09-28T12:15:34","modified_gmt":"2009-09-28T10:15:34","slug":"efdepitis-epidemie","status":"publish","type":"post","link":"https:\/\/willizblog.de\/?p=2192","title":{"rendered":"Efdepitis-Epidemie"},"content":{"rendered":"<p>Wer mit einem anderen Ergebnis zur Bundestagswahl 2009 gerechnet hat, der ist ein Tr\u00e4umer. Aber wer tr\u00e4umt nicht gern und hofft bis zuletzt. Aber schon die erste Hochrechnung zeigte: CDU\/CSU bekommen mit der FDP die Mehrheit der Stimmen (auch unabh\u00e4ngig von weiteren <a href=\"https:\/\/www.willizblog.de\/?p=2188\" target=\"_blank\">\u00dcberhangmandaten<\/a>, immerhin das).<\/p>\n<p>Doch umgehend stritten sich die k\u00fcnftigen Partner dar\u00fcber, ob die FDP ihren Erfolg den <a href=\"http:\/\/www.tagesschau.de\/wahl\/aktuell\/wahlreaktionen102.html\" target=\"_blank\">Leihstimmen aus dem Unions-Lager<\/a> verdankt. Wer FDP gew\u00e4hlt habe, sei FDP-W\u00e4hler, so Westerwelle. Ist klar! Alles andere ist Bl\u00f6dsinn. Was Westerwelle sagt, hat Hand und Fu\u00df und wird wohl in den kommenden Jahren die deutsche Au\u00dfenpolitik bestimmen. Und: auch Steinmeier kannte im Ausland vor vier Jahren kein Schwein!<\/p>\n<p>Wie gesagt: Bis zuletzt habe ich gehofft, dass diese Sch&#8230;-FDP nicht so viele Stimmen bekommt. Aber es ist wohl die Efdepitis (FDP<a href=\"https:\/\/de.wikipedia.org\/wiki\/-itis\" target=\"_blank\">-itis<\/a>) ausgebrochen. Fast so schlimm wie Entenpest, Schweinegrippe und Hirnkrebs zusammen. Besonderes Symptom dieser Krankheit: ein ewig grinsender, ewig geschw\u00e4tziger Westerwelle (die Bugwelle der Atomlobby). \u00dcber 14 % der w\u00e4hlenden Deutschen ist an dieser Seuche erkrankt.<\/p>\n<p><img src=\"https:\/\/www.willizblog.de\/blogpicts\/tigerenten_koalition.jpg\" alt=\"Tante Merkel &#038; Onkel Guido: Tigerenten-Duo\" \/><\/p>\n<p>Also Schwarz-Gelb mit Tante Merkel und Onkel Guido \u2013 die Tigerenten-Koalition, wie man reichlich euphemistisch den neuen Kl\u00fcngelclub nennt \u2013 wird uns die n\u00e4chsten Jahre regieren (mischt man schwarz mit gelb entsteht braun &#8230; aber lasse ich das). Die Wirtschaft wird\u2019s freuen.<\/p>\n<p>Liest man einige der vielen Kommentare, die in den letzten Stunden nach der Wahl im Internet verbreitet wurden, dann muss man jetzt mit dem Schlimmsten rechnen. Ich sehe das gar nicht so eng. Okay, zun\u00e4chst werden die <a href=\"http:\/\/www.heute.de\/ZDFheute\/inhalt\/20\/0,3672,7899956,00.html\" target=\"_blank\">Laufzeiten der Atomkraftwerke verl\u00e4ngert<\/a>. An den sozialen Leistungen und im Gesundheitswesen wird hingegen gek\u00fcrzt. Aber da die Wirtschaft (Industrie und Gro\u00dfbanken vorn weg) jetzt \u201aihre\u2019 Regierung hat, wird sie den Teufel tun, um ein Klima zu schaffen, das die Menschen auf die Barrikaden bringt. Zwar wird es auch mit der FDP nicht gelingen, den Schuldenberg abzubauen (wie denn auch, wenn man die Steuern senken will), noch wird die Arbeitslosenzahl entscheidend gesenkt werden. Wir d\u00fcmpeln weiter vor uns hin. Und alles andere wird ausgesessen (<a href=\"http:\/\/www.stefan-niggemeier.de\/blog\/weiter-gehts\/\" target=\"_blank\">die Merkel<\/a> ist eine gelehrige Sch\u00fclerin ihres Meisters Kohl), bekanntlich heilt die Zeit alle Wunden. Da w\u00fcrde es mit Rot-Rot und evtl. Gr\u00fcn mehr Probleme geben. Glaubt es mir.<\/p>\n<p>Nein, wir werden die Bundesregierung haben, die wir verdienen. Warum nicht den Bock zum G\u00e4rtner machen (nach der Finanzkrise lassen wir die Verfechter der ungez\u00fcgelten Marktwirtschaft mitregieren). Mit Merkel und Westerwelle kann es, ich glaube es selbst (fast), nur noch aufw\u00e4rts gehen. <\/p>\n<p>Traurig dagegen das Abschneiden der SPD. Dass die Sozialdemokraten an Linke, teilweise auch an die Gr\u00fcnen und jetzt auch noch an die <a href=\"http:\/\/www.heute.de\/ZDFheute\/inhalt\/12\/0,3672,7899852,00.html\" target=\"_blank\">Piraten<\/a> (mit \u00fcber 845.000 W\u00e4hlern immerhin 2 % der Stimmen) sowie wohl an die FDP verlieren, war vorauszusehen. Aber mit jetzt nur noch k\u00fcmmerlichen 23 % steht die Partei vor dem Verfall. Wenn sich die SPD in den n\u00e4chsten Jahren nicht rundum erneuert, dann sehe ich schwarz (sic!) f\u00fcr uns alle. Die parteipolitische Landschaft hat sich wesentlich ver\u00e4ndert. Ein Ende dieser Umw\u00e4lzung ist dabei noch nicht in Sicht.<\/p>\n<p>Bundeswahlleiter mit dem <a href=\"http:\/\/www.bundeswahlleiter.de\/de\/bundestagswahlen\/BTW_BUND_09\/ergebnisse\/bundesergebnisse\/index.html\" target=\"_blank\">bundesweiten Wahlergebnis BTW 2009<\/a><br \/>\nLandeswahlleiter Niedersachsen mit dem <a href=\"http:\/\/www.nls.niedersachsen.de\/BW2009\/bundestagswahl_2009.html\" target=\"_blank\">Wahlergebnis BTW 2009<\/a><\/p>\n<p><strong>P.S.<\/strong> Volle Zustimmung zum <a href=\"http:\/\/www.spreeblick.com\/2009\/09\/27\/bundestagswahl-2009-deutschland-wird-schwarzgelb\/\" target=\"_blank\">Spreeblick-Artikel<\/a><\/p>\n","protected":false},"excerpt":{"rendered":"<p>Wer mit einem anderen Ergebnis zur Bundestagswahl 2009 gerechnet hat, der ist ein Tr\u00e4umer. Aber wer tr\u00e4umt nicht gern und hofft bis zuletzt. Aber schon die erste Hochrechnung zeigte: CDU\/CSU bekommen mit der FDP die Mehrheit der Stimmen (auch unabh\u00e4ngig von weiteren \u00dcberhangmandaten, immerhin das). Doch umgehend stritten sich die k\u00fcnftigen Partner dar\u00fcber, ob die &hellip; <a href=\"https:\/\/willizblog.de\/?p=2192\" class=\"more-link\"><span class=\"screen-reader-text\">Efdepitis-Epidemie<\/span> weiterlesen <span class=\"meta-nav\">&rarr;<\/span><\/a><\/p>\n","protected":false},"author":1,"featured_media":0,"comment_status":"open","ping_status":"open","sticky":false,"template":"","format":"standard","meta":[],"categories":[12,29],"tags":[],"_links":{"self":[{"href":"https:\/\/willizblog.de\/index.php?rest_route=\/wp\/v2\/posts\/2192"}],"collection":[{"href":"https:\/\/willizblog.de\/index.php?rest_route=\/wp\/v2\/posts"}],"about":[{"href":"https:\/\/willizblog.de\/index.php?rest_route=\/wp\/v2\/types\/post"}],"author":[{"embeddable":true,"href":"https:\/\/willizblog.de\/index.php?rest_route=\/wp\/v2\/users\/1"}],"replies":[{"embeddable":true,"href":"https:\/\/willizblog.de\/index.php?rest_route=%2Fwp%2Fv2%2Fcomments&post=2192"}],"version-history":[{"count":0,"href":"https:\/\/willizblog.de\/index.php?rest_route=\/wp\/v2\/posts\/2192\/revisions"}],"wp:attachment":[{"href":"https:\/\/willizblog.de\/index.php?rest_route=%2Fwp%2Fv2%2Fmedia&parent=2192"}],"wp:term":[{"taxonomy":"category","embeddable":true,"href":"https:\/\/willizblog.de\/index.php?rest_route=%2Fwp%2Fv2%2Fcategories&post=2192"},{"taxonomy":"post_tag","embeddable":true,"href":"https:\/\/willizblog.de\/index.php?rest_route=%2Fwp%2Fv2%2Ftags&post=2192"}],"curies":[{"name":"wp","href":"https:\/\/api.w.org\/{rel}","templated":true}]}}