{"id":2208,"date":"2009-10-01T09:01:41","date_gmt":"2009-10-01T07:01:41","guid":{"rendered":"http:\/\/www.willizblog.de\/?p=2208"},"modified":"2009-10-01T09:01:41","modified_gmt":"2009-10-01T07:01:41","slug":"dienstjubilaum","status":"publish","type":"post","link":"https:\/\/willizblog.de\/?p=2208","title":{"rendered":"Dienstjubil\u00e4um"},"content":{"rendered":"<p>H\u00e4tte mir damals einer gesagt, dass ich auch nach zwanzig Jahren noch beim gleichen Arbeitgeber arbeiten w\u00fcrde, ich h\u00e4tte nur gelacht. Jetzt ist mir das Lachen vergangen: Heute habe ich mein 20-j\u00e4hriges Dienstjubil\u00e4um, arbeite also seit dem 1. Oktober 1989 (vor gef\u00fchlten 1000 Jahren also) bei einer karitativen Organisation in Hamburg. Was zun\u00e4chst befristet als eine Art Aushilfsjob begann, setzte sich als Festanstellung fort. Nat\u00fcrlich arbeite ich heute auf einem anderen Arbeitsplatz und bekomme wohl auch ein wenig mehr Geld f\u00fcr meine T\u00e4tigkeit als vor 20 Jahren. Aber nie w\u00e4re ich damals davon ausgegangen, so lange (und wohl noch etwas l\u00e4nger) <a href=\"https:\/\/www.willizblog.de\/?p=1634\" target=\"_blank\">im gleichen Haus<\/a> zu arbeiten.<\/p>\n<p><img src=\"https:\/\/www.albinz.net\/images\/arbeitsplatz.jpg\" alt=\"Mein Arbeitsplatz\" \/><\/p>\n<p>In diesen 20 Jahren hat sich nat\u00fcrlich viel getan. Ich habe geheiratet und inzwischen zwei S\u00f6hne, die mir \u00fcber den Kopf gewachsen sind. Auch habe ich inzwischen meinen Wohnsitz gewechselt \u2013 aber seit nunmehr 18 \u00be Jahren sitze ich Tag f\u00fcr Tag am gleichen Schreibtisch. Vor 20 Jahren war nat\u00fcrlich auch politisch einiges los in Deutschland. Ein Kollege von mir (inzwischen in Rente) war einer der DDR-B\u00fcrger, die \u00fcber die Prager Botschaft den Weg in den Westen fanden. Und dann kam der 9. November 1989, der Tag, an dem <a href=\"https:\/\/de.wikipedia.org\/wiki\/Mauer%C3%B6ffnung#Mauerfall\" target=\"_blank\">die Berliner Mauer \u201efiel\u201c<\/a> und die \u201eWende\u201c in der DDR einleitete, die zur <a href=\"https:\/\/de.wikipedia.org\/wiki\/Wiedervereinigung_Deutschlands\" target=\"_blank\">deutschen Wiedervereinigung<\/a> f\u00fchrte. <\/p>\n<p>Nun denn, damals dachte ich l\u00e4ngst noch nicht an Rente, Altersteilzeit und Ruhestand, wie man den Lebensabschnitt nach dem Arbeitsleben nennt. Heute sieht das schon anders aus. Ich geh\u00f6re zu einem Jahrgang, der <a href=\"https:\/\/de.wikipedia.org\/wiki\/Altersteilzeit\" target=\"_blank\">Altersteilzeit<\/a> in Anspruch nehmen kann. Daf\u00fcr muss ich mich aber bis zum Jahresende entschieden haben (Finanziell gef\u00f6rdert wird die Altersteilzeit von der Agentur f\u00fcr Arbeit, soweit sie sp\u00e4testens am 31. Dezember 2009 angetreten wird und der Arbeitnehmer das 55. Lebensjahr vollendet hat). Ich \u00fcberlege noch &#8230;<\/p>\n","protected":false},"excerpt":{"rendered":"<p>H\u00e4tte mir damals einer gesagt, dass ich auch nach zwanzig Jahren noch beim gleichen Arbeitgeber arbeiten w\u00fcrde, ich h\u00e4tte nur gelacht. Jetzt ist mir das Lachen vergangen: Heute habe ich mein 20-j\u00e4hriges Dienstjubil\u00e4um, arbeite also seit dem 1. Oktober 1989 (vor gef\u00fchlten 1000 Jahren also) bei einer karitativen Organisation in Hamburg. Was zun\u00e4chst befristet als &hellip; <a href=\"https:\/\/willizblog.de\/?p=2208\" class=\"more-link\"><span class=\"screen-reader-text\">Dienstjubil\u00e4um<\/span> weiterlesen <span class=\"meta-nav\">&rarr;<\/span><\/a><\/p>\n","protected":false},"author":1,"featured_media":0,"comment_status":"open","ping_status":"open","sticky":false,"template":"","format":"standard","meta":[],"categories":[18],"tags":[],"_links":{"self":[{"href":"https:\/\/willizblog.de\/index.php?rest_route=\/wp\/v2\/posts\/2208"}],"collection":[{"href":"https:\/\/willizblog.de\/index.php?rest_route=\/wp\/v2\/posts"}],"about":[{"href":"https:\/\/willizblog.de\/index.php?rest_route=\/wp\/v2\/types\/post"}],"author":[{"embeddable":true,"href":"https:\/\/willizblog.de\/index.php?rest_route=\/wp\/v2\/users\/1"}],"replies":[{"embeddable":true,"href":"https:\/\/willizblog.de\/index.php?rest_route=%2Fwp%2Fv2%2Fcomments&post=2208"}],"version-history":[{"count":0,"href":"https:\/\/willizblog.de\/index.php?rest_route=\/wp\/v2\/posts\/2208\/revisions"}],"wp:attachment":[{"href":"https:\/\/willizblog.de\/index.php?rest_route=%2Fwp%2Fv2%2Fmedia&parent=2208"}],"wp:term":[{"taxonomy":"category","embeddable":true,"href":"https:\/\/willizblog.de\/index.php?rest_route=%2Fwp%2Fv2%2Fcategories&post=2208"},{"taxonomy":"post_tag","embeddable":true,"href":"https:\/\/willizblog.de\/index.php?rest_route=%2Fwp%2Fv2%2Ftags&post=2208"}],"curies":[{"name":"wp","href":"https:\/\/api.w.org\/{rel}","templated":true}]}}