{"id":2218,"date":"2009-10-05T09:33:11","date_gmt":"2009-10-05T07:33:11","guid":{"rendered":"http:\/\/www.willizblog.de\/?p=2218"},"modified":"2009-10-05T15:50:49","modified_gmt":"2009-10-05T13:50:49","slug":"von-bundnisse-feindschaften-und-vereinsfarben","status":"publish","type":"post","link":"https:\/\/willizblog.de\/?p=2218","title":{"rendered":"Von B\u00fcndnisse, Feindschaften und Vereinsfarben"},"content":{"rendered":"<p>Neben lokalen Rivalit\u00e4ten zwischen Fu\u00dfballvereinen, die sich in sogenannten Lokalderbys b\u00fcndeln \u2013 ich denke da z.B. an die <a href=\"https:\/\/www.willizblog.de\/?p=1662\" target=\"_blank\">Hanseatische Rivalit\u00e4t<\/a> zwischen <a href=\"https:\/\/www.willizblog.de\/?cat=27\" target=\"_blank\">Werder Bremen<\/a> und dem <a href=\"https:\/\/de.wikipedia.org\/wiki\/Hamburger_SV\" target=\"_blank\">HSV<\/a> -, gibt es Wettstreite, die fast in Feindschaften enden. Auf Hamburg bezogen muss man wohl von einer innigen Feindschaft zwischen dem HSV und dem <a href=\"https:\/\/de.wikipedia.org\/wiki\/FC_St._Pauli\" target=\"_blank\">FC St. Pauli<\/a> sprechen.<\/p>\n<p><img src=\"https:\/\/www.willizblog.de\/blogpicts\/st_pauli_hamburg.jpg\" alt=\"Fans des FC St. Pauli\" \/><\/p>\n<p>W\u00e4hrend die Rivalit\u00e4t zwischen Werder Bremen und dem HSV im Wesentlichen sportlich begr\u00fcndet ist, so beruht die Abneigung zwischen den HSV-Fans und denen des FC St. Pauli auf wirtschaftliche und politische Gr\u00fcnde. Der HSV gilt als Bonzenverein; der FC St. Pauli ist der Verein des kleinen Mannes. So gelten die <a href=\"http:\/\/www.fcstpauli.com\/staticsite\/staticsite.php?menuid=136&#038;topmenu=136&#038;keepmenu=inactive\" target=\"_blank\">St. Pauli-Anh\u00e4nger<\/a>, die Ultras, als politisch linksgerichtet.<\/p>\n<p>Neben solchen Feindschaften pflegt die Fangemeinde aber aufgrund vieler Gemeinsamkeiten Freundschaften zu den Fans anderer Clubs. Und so kann es kommen, dass St- Pauli-Fans sich auch in der Arena des HSVs versammeln, weil sie die Anh\u00e4nger z.B. des israelischen Vereins <a href=\"https:\/\/de.wikipedia.org\/wiki\/Hapoel_Tel_Aviv\" target=\"_blank\">Hapoel Tel Aviv<\/a> (Hapoel steht hebr\u00e4isch f\u00fcr Arbeiter) gegen den HSV unterst\u00fctzen, denn zwischen beiden Fangruppen (wie \u00fcbrigens auch zwischen St. Pauli und Celtic Glasgow, die wiederum in einer langj\u00e4hrigen Feindschaft mit Glasgow Rangers stehen) besteht eine Bindung, die \u00fcber das \u00fcblich Sportliche hinausgeht: <a href=\"http:\/\/fussball.zdf.de\/ZDFsport\/inhalt\/10\/0,5676,7901770,00.html\" target=\"_blank\">Linksb\u00fcndnis im G\u00e4steblock<\/a><\/p>\n<p>Manchmal bestimmen auch die Vereinsfarben, ob es Affinit\u00e4ten zwischen den Anh\u00e4ngern verschiedener Vereine gibt. Werders Gr\u00fcn-Wei\u00df findet sich z.B. auch in den Farben von <a href=\"https:\/\/de.wikipedia.org\/wiki\/Celtic_Glasgow\" target=\"_blank\">Celtic Glasgow<\/a> wieder oder beim <a href=\"https:\/\/de.wikipedia.org\/wiki\/AS_Saint-%C3%89tienne\" target=\"_blank\">SA Saint-\u00c9tienne<\/a>. W\u00e4hrend meines <a href=\"https:\/\/www.willizblog.de\/?cat=25\" target=\"_blank\">Urlaubs 2005<\/a> mit meiner Familie in Schottland sprach uns in Edinburgh in einem Supermarkt ein Mann an, der ein Trikot von Celtic Glasgow trug und uns fragte, woher wir k\u00e4men. Er hatte vernommen, dass wir Deutsche sind. Ich erkl\u00e4rte es ihm und verwies u.a. auf die Stadt Bremen, die in der N\u00e4he liegt. Als ich dann noch zugeben musste, dass ich mehr oder weniger Fan des SV Werder Bremen bin, waren wir gleich die besten Freunde. Nat\u00fcrlich wusste er, das Werder die gleichen Vereinsfarben wie Celtic hat.<\/p>\n","protected":false},"excerpt":{"rendered":"<p>Neben lokalen Rivalit\u00e4ten zwischen Fu\u00dfballvereinen, die sich in sogenannten Lokalderbys b\u00fcndeln \u2013 ich denke da z.B. an die Hanseatische Rivalit\u00e4t zwischen Werder Bremen und dem HSV -, gibt es Wettstreite, die fast in Feindschaften enden. Auf Hamburg bezogen muss man wohl von einer innigen Feindschaft zwischen dem HSV und dem FC St. Pauli sprechen. W\u00e4hrend &hellip; <a href=\"https:\/\/willizblog.de\/?p=2218\" class=\"more-link\"><span class=\"screen-reader-text\">Von B\u00fcndnisse, Feindschaften und Vereinsfarben<\/span> weiterlesen <span class=\"meta-nav\">&rarr;<\/span><\/a><\/p>\n","protected":false},"author":1,"featured_media":0,"comment_status":"open","ping_status":"open","sticky":false,"template":"","format":"standard","meta":[],"categories":[4],"tags":[],"_links":{"self":[{"href":"https:\/\/willizblog.de\/index.php?rest_route=\/wp\/v2\/posts\/2218"}],"collection":[{"href":"https:\/\/willizblog.de\/index.php?rest_route=\/wp\/v2\/posts"}],"about":[{"href":"https:\/\/willizblog.de\/index.php?rest_route=\/wp\/v2\/types\/post"}],"author":[{"embeddable":true,"href":"https:\/\/willizblog.de\/index.php?rest_route=\/wp\/v2\/users\/1"}],"replies":[{"embeddable":true,"href":"https:\/\/willizblog.de\/index.php?rest_route=%2Fwp%2Fv2%2Fcomments&post=2218"}],"version-history":[{"count":0,"href":"https:\/\/willizblog.de\/index.php?rest_route=\/wp\/v2\/posts\/2218\/revisions"}],"wp:attachment":[{"href":"https:\/\/willizblog.de\/index.php?rest_route=%2Fwp%2Fv2%2Fmedia&parent=2218"}],"wp:term":[{"taxonomy":"category","embeddable":true,"href":"https:\/\/willizblog.de\/index.php?rest_route=%2Fwp%2Fv2%2Fcategories&post=2218"},{"taxonomy":"post_tag","embeddable":true,"href":"https:\/\/willizblog.de\/index.php?rest_route=%2Fwp%2Fv2%2Ftags&post=2218"}],"curies":[{"name":"wp","href":"https:\/\/api.w.org\/{rel}","templated":true}]}}