{"id":222,"date":"2005-09-01T15:00:38","date_gmt":"2005-09-01T14:00:38","guid":{"rendered":"http:\/\/www.willizblog.de\/?p=222"},"modified":"2006-09-01T11:01:32","modified_gmt":"2006-09-01T09:01:32","slug":"jethro-tull-live-at-lugano-estival-jazz-2005-3-videos","status":"publish","type":"post","link":"https:\/\/willizblog.de\/?p=222","title":{"rendered":"Jethro Tull live at Lugano Estival Jazz 2005: 3 Videos"},"content":{"rendered":"<p>Am 10.06.2005 besuchte ich w\u00e4hrend der <a href=\"https:\/\/www.willizblog.de\/?p=142\">Deutschland-Tournee<\/a> das Konzert von <a href=\"http:\/\/www.jethrotull.com\/\" target=\"_blank\">Jethro Tull<\/a> in der <a href=\"https:\/\/www.willizblog.de\/?p=169\">Stadthalle von Bremerhaven<\/a>. 4 Wochen sp\u00e4ter am 09.07.2005 spielte die Band beim Lugano Estival Jazz 2005 auf der Piazza della Riforma in Lugano\/Schweiz kostenlos und open-air.<\/p>\n<p>Die Setlist war zwar bei beiden Konzerten nicht ganz gleich, aber zumindest Herr Ian Anderson trat im gleichen Outfit, einer Art Edelschlafanzug, auf und pr\u00e4sentierte sich mit einem au\u00dferordentlich virtuosem Fl\u00f6tenspiel.<\/p>\n<p>Das Konzert wurde vom Schweizer Fernsehen live ausgestrahlt und ist im <a href=\"https:\/\/www.willizblog.de\/?p=209\">Internet<\/a> als DVD-Image-Datei, das sich z.B. mit Nero 6 einfach brennen l\u00e4sst, herunterladbar. F\u00fcr alle Tull-Fans hier drei der beim Konzert in Lugano vorgetragenen Lieder im Video:<\/p>\n<table border=\"0\" cellpadding=\"5\" cellspacing=\"0\" width=\"90%\">\n<tr>\n<td width=\"33%\" align=\"center\"><img loading=\"lazy\" border=\"0\" src=\"https:\/\/www.albinz.net\/jethrotull\/images\/jt_lugano_nothing_is_easy.jpg\" alt=\"Jethro Tull live in Lugano 2005: Nothing is Easy\" width=\"176\" height=\"144\"><\/td>\n<td width=\"33%\" align=\"center\"><img loading=\"lazy\" border=\"0\" src=\"https:\/\/www.albinz.net\/jethrotull\/images\/jt_lugano_weathercock.jpg\" alt=\"Jethro Tull live in Lugano 2005: Weathercock\" width=\"176\" height=\"144\"><\/td>\n<td width=\"34%\" align=\"center\"><img loading=\"lazy\" border=\"0\" src=\"https:\/\/www.albinz.net\/jethrotull\/images\/jt_lugano_up_to_me.jpg\" alt=\"Jethro Tull live in Lugano 2005: Up to Me\" width=\"176\" height=\"144\"><\/td>\n<\/tr>\n<tr>\n<td width=\"33%\" align=\"center\"><font face=\"Lucida Grande, Lucida Sans Unicode, Verdana, sans-serif\" size=\"2\">Jethro Tull live in Lugano 2005: <a href=\"https:\/\/www.albinz.net\/jethrotull\/jt_lugano_nothing_is_easy.html\" target=\"_blank\"> Nothing is Easy<\/a><\/font><\/td>\n<td width=\"33%\" align=\"center\"><font face=\"Lucida Grande, Lucida Sans Unicode, Verdana, sans-serif\" size=\"2\">Jethro Tull live in Lugano 2005: <a href=\"https:\/\/www.albinz.net\/jethrotull\/jt_lugano_weathercock.html\" target=\"_blank\"> Weathercock<\/a><\/font><\/td>\n<td width=\"34%\" align=\"center\"><font face=\"Lucida Grande, Lucida Sans Unicode, Verdana, sans-serif\" size=\"2\">Jethro Tull live in Lugano 2005: <a href=\"https:\/\/www.albinz.net\/jethrotull\/jt_lugano_up_to_me.html\" target=\"_blank\"> Up to Me<\/a><\/font><\/td>\n<\/tr>\n<\/table>\n<p><a href=\"http:\/\/babelfish.altavista.com\/babelfish\/trurl_pagecontent?url=https:\/\/www.willizblog.de\/?p=222&#038;lp=de%5Fen\" target=\"_blank\">Translation english<\/a><\/p>\n","protected":false},"excerpt":{"rendered":"<p>Am 10.06.2005 besuchte ich w\u00e4hrend der Deutschland-Tournee das Konzert von Jethro Tull in der Stadthalle von Bremerhaven. 4 Wochen sp\u00e4ter am 09.07.2005 spielte die Band beim Lugano Estival Jazz 2005 auf der Piazza della Riforma in Lugano\/Schweiz kostenlos und open-air. Die Setlist war zwar bei beiden Konzerten nicht ganz gleich, aber zumindest Herr Ian Anderson &hellip; <a href=\"https:\/\/willizblog.de\/?p=222\" class=\"more-link\"><span class=\"screen-reader-text\">Jethro Tull live at Lugano Estival Jazz 2005: 3 Videos<\/span> weiterlesen <span class=\"meta-nav\">&rarr;<\/span><\/a><\/p>\n","protected":false},"author":1,"featured_media":0,"comment_status":"closed","ping_status":"closed","sticky":false,"template":"","format":"standard","meta":[],"categories":[9],"tags":[],"_links":{"self":[{"href":"https:\/\/willizblog.de\/index.php?rest_route=\/wp\/v2\/posts\/222"}],"collection":[{"href":"https:\/\/willizblog.de\/index.php?rest_route=\/wp\/v2\/posts"}],"about":[{"href":"https:\/\/willizblog.de\/index.php?rest_route=\/wp\/v2\/types\/post"}],"author":[{"embeddable":true,"href":"https:\/\/willizblog.de\/index.php?rest_route=\/wp\/v2\/users\/1"}],"replies":[{"embeddable":true,"href":"https:\/\/willizblog.de\/index.php?rest_route=%2Fwp%2Fv2%2Fcomments&post=222"}],"version-history":[{"count":0,"href":"https:\/\/willizblog.de\/index.php?rest_route=\/wp\/v2\/posts\/222\/revisions"}],"wp:attachment":[{"href":"https:\/\/willizblog.de\/index.php?rest_route=%2Fwp%2Fv2%2Fmedia&parent=222"}],"wp:term":[{"taxonomy":"category","embeddable":true,"href":"https:\/\/willizblog.de\/index.php?rest_route=%2Fwp%2Fv2%2Fcategories&post=222"},{"taxonomy":"post_tag","embeddable":true,"href":"https:\/\/willizblog.de\/index.php?rest_route=%2Fwp%2Fv2%2Ftags&post=222"}],"curies":[{"name":"wp","href":"https:\/\/api.w.org\/{rel}","templated":true}]}}