{"id":225,"date":"2005-09-08T05:20:17","date_gmt":"2005-09-08T04:20:17","guid":{"rendered":"http:\/\/www.albinz.de\/blog\/?p=225"},"modified":"2005-10-20T09:13:46","modified_gmt":"2005-10-20T07:13:46","slug":"gaspreise-sollen-auch-wieder-kraftig-steigen","status":"publish","type":"post","link":"https:\/\/willizblog.de\/?p=225","title":{"rendered":"Gaspreise sollen auch wieder kr\u00e4ftig steigen"},"content":{"rendered":"<p>Steigen die Benzin- und Heiz\u00f6lpreise, schie\u00dfen sechs Monate sp\u00e4ter auch die Gaspreise in die H\u00f6he. Gerade jetzt bekommen dies die 18 Millionen Haushalte in Deutschland, schmerzhaft zu sp\u00fcren. Doch die neue Preisrunde treibt nicht nur Verbraucher auf die Barrikaden. Kartellamt und Politik wollen jetzt einschreiten.<\/p>\n<p>aus: <a href=\"http:\/\/www.heute.de\/ZDFheute\/inhalt\/27\/0,3672,2372187,00.html\" target=\"_blank\">zdf.de<\/a><\/p>\n<p>Endlich wird die \u00d6lpreisbindung des Gaspreises in aller \u00d6ffentlichkeit angeprangert und dabei die Gaswirtschaft aufgefordert, diesen Unsinn aufzugeben. Denn tats\u00e4chlich seien die Abgabepreise an Privatkunden in der Vergangenheit viel st\u00e4rker gestiegen als die Importpreise. Es wird Zeit, dass sich Bundeskartellamt und die L\u00e4nderkartellbeh\u00f6rden der Angelegenheit annehmen, wenn jetzt eine neue Preiserh\u00f6hungswelle auf die Verbaucher zurollt &#8211; mit einer Preissteigerung von 10 bis 15 %  muss gerechnet werden!<\/p>\n","protected":false},"excerpt":{"rendered":"<p>Steigen die Benzin- und Heiz\u00f6lpreise, schie\u00dfen sechs Monate sp\u00e4ter auch die Gaspreise in die H\u00f6he. Gerade jetzt bekommen dies die 18 Millionen Haushalte in Deutschland, schmerzhaft zu sp\u00fcren. Doch die neue Preisrunde treibt nicht nur Verbraucher auf die Barrikaden. Kartellamt und Politik wollen jetzt einschreiten. aus: zdf.de Endlich wird die \u00d6lpreisbindung des Gaspreises in aller &hellip; <a href=\"https:\/\/willizblog.de\/?p=225\" class=\"more-link\"><span class=\"screen-reader-text\">Gaspreise sollen auch wieder kr\u00e4ftig steigen<\/span> weiterlesen <span class=\"meta-nav\">&rarr;<\/span><\/a><\/p>\n","protected":false},"author":1,"featured_media":0,"comment_status":"closed","ping_status":"closed","sticky":false,"template":"","format":"standard","meta":[],"categories":[2],"tags":[],"_links":{"self":[{"href":"https:\/\/willizblog.de\/index.php?rest_route=\/wp\/v2\/posts\/225"}],"collection":[{"href":"https:\/\/willizblog.de\/index.php?rest_route=\/wp\/v2\/posts"}],"about":[{"href":"https:\/\/willizblog.de\/index.php?rest_route=\/wp\/v2\/types\/post"}],"author":[{"embeddable":true,"href":"https:\/\/willizblog.de\/index.php?rest_route=\/wp\/v2\/users\/1"}],"replies":[{"embeddable":true,"href":"https:\/\/willizblog.de\/index.php?rest_route=%2Fwp%2Fv2%2Fcomments&post=225"}],"version-history":[{"count":0,"href":"https:\/\/willizblog.de\/index.php?rest_route=\/wp\/v2\/posts\/225\/revisions"}],"wp:attachment":[{"href":"https:\/\/willizblog.de\/index.php?rest_route=%2Fwp%2Fv2%2Fmedia&parent=225"}],"wp:term":[{"taxonomy":"category","embeddable":true,"href":"https:\/\/willizblog.de\/index.php?rest_route=%2Fwp%2Fv2%2Fcategories&post=225"},{"taxonomy":"post_tag","embeddable":true,"href":"https:\/\/willizblog.de\/index.php?rest_route=%2Fwp%2Fv2%2Ftags&post=225"}],"curies":[{"name":"wp","href":"https:\/\/api.w.org\/{rel}","templated":true}]}}