{"id":2251,"date":"2009-10-13T10:07:37","date_gmt":"2009-10-13T08:07:37","guid":{"rendered":"http:\/\/www.willizblog.de\/?p=2251"},"modified":"2009-10-13T10:09:17","modified_gmt":"2009-10-13T08:09:17","slug":"herbsturlaub-2009-bild-des-tages-3","status":"publish","type":"post","link":"https:\/\/willizblog.de\/?p=2251","title":{"rendered":"Herbsturlaub 2009: Bild des Tages (3)"},"content":{"rendered":"<p>Ein goldener Oktober ist es noch nicht. Daf\u00fcr hatten wir bisher zu viel Regen. Aber es zeigen sich erste Wolkenl\u00fccken, die Temperatur f\u00e4llt \u2013 in der Nacht bereits nahe der null Grad. Die n\u00e4chsten Tage sollen so bleiben: kalte Luft aus dem Norden, leicht bew\u00f6lkt, aber trocken:<\/p>\n<p><img src=\"https:\/\/www.willizblog.de\/blogpicts\/herbsturlaub2009_10_12.jpg\" alt=\"Oktoberwolkenhimmel\" \/><\/p>\n","protected":false},"excerpt":{"rendered":"<p>Ein goldener Oktober ist es noch nicht. Daf\u00fcr hatten wir bisher zu viel Regen. Aber es zeigen sich erste Wolkenl\u00fccken, die Temperatur f\u00e4llt \u2013 in der Nacht bereits nahe der null Grad. Die n\u00e4chsten Tage sollen so bleiben: kalte Luft aus dem Norden, leicht bew\u00f6lkt, aber trocken:<\/p>\n","protected":false},"author":1,"featured_media":0,"comment_status":"open","ping_status":"open","sticky":false,"template":"","format":"standard","meta":[],"categories":[16],"tags":[],"_links":{"self":[{"href":"https:\/\/willizblog.de\/index.php?rest_route=\/wp\/v2\/posts\/2251"}],"collection":[{"href":"https:\/\/willizblog.de\/index.php?rest_route=\/wp\/v2\/posts"}],"about":[{"href":"https:\/\/willizblog.de\/index.php?rest_route=\/wp\/v2\/types\/post"}],"author":[{"embeddable":true,"href":"https:\/\/willizblog.de\/index.php?rest_route=\/wp\/v2\/users\/1"}],"replies":[{"embeddable":true,"href":"https:\/\/willizblog.de\/index.php?rest_route=%2Fwp%2Fv2%2Fcomments&post=2251"}],"version-history":[{"count":0,"href":"https:\/\/willizblog.de\/index.php?rest_route=\/wp\/v2\/posts\/2251\/revisions"}],"wp:attachment":[{"href":"https:\/\/willizblog.de\/index.php?rest_route=%2Fwp%2Fv2%2Fmedia&parent=2251"}],"wp:term":[{"taxonomy":"category","embeddable":true,"href":"https:\/\/willizblog.de\/index.php?rest_route=%2Fwp%2Fv2%2Fcategories&post=2251"},{"taxonomy":"post_tag","embeddable":true,"href":"https:\/\/willizblog.de\/index.php?rest_route=%2Fwp%2Fv2%2Ftags&post=2251"}],"curies":[{"name":"wp","href":"https:\/\/api.w.org\/{rel}","templated":true}]}}